{"id":10785,"date":"2023-09-25T14:43:40","date_gmt":"2023-09-25T14:43:40","guid":{"rendered":"https:\/\/diariodigitalnea.com\/?p=10785"},"modified":"2023-09-25T14:43:41","modified_gmt":"2023-09-25T14:43:41","slug":"continua-a-buen-ritmo-las-obras-del-autodromo-santiago-yaco-guarnieri","status":"publish","type":"post","link":"https:\/\/diariodigitalnea.com\/index.php\/2023\/09\/25\/continua-a-buen-ritmo-las-obras-del-autodromo-santiago-yaco-guarnieri\/","title":{"rendered":"Contin\u00faa a buen ritmo las obras del aut\u00f3dromo \u201cSantiago Yaco Guarnieri\u201d"},"content":{"rendered":"\n<p>El Intendente de Resistencia, Gustavo Mart\u00ednez anunci\u00f3 que esta semana retomar\u00e1n los trabajos en el Aut\u00f3dromo Municipal de Resistencia \u201cSantiago Yaco Guarnieri\u201d, obras que incluyen la extensi\u00f3n de la pavimentaci\u00f3n de la pista y la construcci\u00f3n del kart\u00f3dromo.<\/p>\n\n\n\n<p>Fue durante la presentaci\u00f3n de nuevos autos de la F\u00f3rmula Apikart (Asociaci\u00f3n de Pilotos de Karting) y que pertenecen al equipo Tago F\u00f3rmula Racing.<\/p>\n\n\n\n<p>\u201cTodos sabemos que el deporte, en este caso el motor, es un gran dinamizador para convertir a Resistencia como una ciudad de eventos\u201d, observ\u00f3 el Intendente.<\/p>\n\n\n\n<p>\u201cNos propusimos con Apikart recuperar el aut\u00f3dromo con esa visi\u00f3n, sabiendo del gran potencial que hay, vivimos momentos complicados pero pudimos hacer la obra para recuperar este predio y remontarlo\u201d, record\u00f3.<\/p>\n\n\n\n<p>En ese contexto, adelant\u00f3: \u201cVamos a reiniciar las obras, con una millonaria inversi\u00f3n a la que tuvimos que afrontar debido a la variaci\u00f3n de precios a ra\u00edz de la inflaci\u00f3n\u201d.<\/p>\n\n\n\n<p>\u201cLas m\u00e1quinas estar\u00e1n trabajando en el movimiento de suelo del circuito del futuro kart\u00f3dromo, una opci\u00f3n era trabajar solamente en la pista actual, pero optamos en terminar la propuesta completa\u201d, reconoci\u00f3.<\/p>\n\n\n\n<p>Y agreg\u00f3: \u201cPara el mi\u00e9rcoles se estar\u00eda tirando el asfalto en la pista principal y as\u00ed para fin de a\u00f1o tenerla completa, m\u00e1s segura y con el kart\u00f3dromo finalizado\u201d.<\/p>\n\n\n\n<figure class=\"wp-block-image size-large\"><img fetchpriority=\"high\" decoding=\"async\" width=\"1024\" height=\"791\" src=\"http:\/\/diariodigitalnea.com\/wp-content\/uploads\/2023\/09\/AUTOS-FORMULA-2-1024x791.jpg\" alt=\"\" class=\"wp-image-10787\" srcset=\"https:\/\/diariodigitalnea.com\/wp-content\/uploads\/2023\/09\/AUTOS-FORMULA-2-1024x791.jpg 1024w, https:\/\/diariodigitalnea.com\/wp-content\/uploads\/2023\/09\/AUTOS-FORMULA-2-300x232.jpg 300w, https:\/\/diariodigitalnea.com\/wp-content\/uploads\/2023\/09\/AUTOS-FORMULA-2-768x593.jpg 768w, https:\/\/diariodigitalnea.com\/wp-content\/uploads\/2023\/09\/AUTOS-FORMULA-2.jpg 1326w\" sizes=\"(max-width: 1024px) 100vw, 1024px\" \/><\/figure>\n\n\n\n<p>Tambi\u00e9n se\u00f1al\u00f3 que \u201cvamos a trabajar antes del verano en la iluminaci\u00f3n, haremos todo el esfuerzo y quiero destacar el aporte del sector privado, como la gente de Apikart que se anima a invertir y a consolidar su f\u00f3rmula\u201d.<\/p>\n\n\n\n<p>\u201cEsto tiene que continuar, no hay que aflojar, nosotros tenemos el compromiso con Eli Cuesta, ella es garant\u00eda de eso\u201d, asever\u00f3.<\/p>\n\n\n\n<p><strong>VOCES DE APOYO<\/strong><\/p>\n\n\n\n<p>Zen\u00f3n S\u00e1nchez, titular de Apikart, agradeci\u00f3 a Gustavo. \u201cSin el apoyo municipal no podr\u00edamos estar encaminados como estamos\u201d, asegur\u00f3.<\/p>\n\n\n\n<p>\u201cNuestra meta es que los futuros pilotos nos representen el d\u00eda de ma\u00f1ana a nivel nacional e internacional, y la f\u00f3rmula Apikart es un paso que deben dar, subirse a un monoplaza\u201d, a\u00f1adi\u00f3.<\/p>\n\n\n\n<p>Por su parte, el subsecretario de Deportes, Federico Maza, recalc\u00f3 que \u201cEste es un grupo de amigos, empresarios, mec\u00e1nicos y pilotos entusiasmados de seguir\u201d.<\/p>\n\n\n\n<p>Justamente, los pilotos Gustavo Oestmann y Agust\u00edn Tomassone fueron los encargados de presentar sus monoplazas.<\/p>\n\n\n\n<p>\u201cLo hacemos junto a mi amigo Agust\u00edn, formamos nuestro equipo de competencia y lo empezaremos a implementar a trav\u00e9s de la f\u00f3rmula Apikart\u201d, dijo el primero.<\/p>\n\n\n\n<p>Agust\u00edn, en tanto, se\u00f1al\u00f3: \u201cFue un a\u00f1o de intenso trabajo, es una satisfacci\u00f3n muy grande y ahora comenzaremos a probarlos en las pistas\u201d.<\/p>\n","protected":false},"excerpt":{"rendered":"<p>El Intendente de Resistencia, Gustavo Mart\u00ednez anunci\u00f3 que esta semana retomar\u00e1n los trabajos en el Aut\u00f3dromo Municipal de Resistencia \u201cSantiago Yaco Guarnieri\u201d, obras que incluyen la extensi\u00f3n de la pavimentaci\u00f3n de la pista y la construcci\u00f3n del kart\u00f3dromo. Fue durante la presentaci\u00f3n de nuevos autos de la F\u00f3rmula Apikart (Asociaci\u00f3n de Pilotos de Karting) y [&hellip;]<\/p>\n","protected":false},"author":3,"featured_media":10786,"comment_status":"closed","ping_status":"closed","sticky":false,"template":"","format":"standard","meta":{"om_disable_all_campaigns":false,"_monsterinsights_skip_tracking":false,"_monsterinsights_sitenote_active":false,"_monsterinsights_sitenote_note":"","_monsterinsights_sitenote_category":0,"footnotes":""},"categories":[33,5],"tags":[59,1015,1007,3483],"class_list":["post-10785","post","type-post","status-publish","format-standard","has-post-thumbnail","hentry","category-chaco","category-economia","tag-gustavo-martinez","tag-kartodromo","tag-obras-de-infraestructuras","tag-santiago-yaco-guarnieri"],"aioseo_notices":[],"amp_enabled":true,"_links":{"self":[{"href":"https:\/\/diariodigitalnea.com\/index.php\/wp-json\/wp\/v2\/posts\/10785","targetHints":{"allow":["GET"]}}],"collection":[{"href":"https:\/\/diariodigitalnea.com\/index.php\/wp-json\/wp\/v2\/posts"}],"about":[{"href":"https:\/\/diariodigitalnea.com\/index.php\/wp-json\/wp\/v2\/types\/post"}],"author":[{"embeddable":true,"href":"https:\/\/diariodigitalnea.com\/index.php\/wp-json\/wp\/v2\/users\/3"}],"replies":[{"embeddable":true,"href":"https:\/\/diariodigitalnea.com\/index.php\/wp-json\/wp\/v2\/comments?post=10785"}],"version-history":[{"count":1,"href":"https:\/\/diariodigitalnea.com\/index.php\/wp-json\/wp\/v2\/posts\/10785\/revisions"}],"predecessor-version":[{"id":10788,"href":"https:\/\/diariodigitalnea.com\/index.php\/wp-json\/wp\/v2\/posts\/10785\/revisions\/10788"}],"wp:featuredmedia":[{"embeddable":true,"href":"https:\/\/diariodigitalnea.com\/index.php\/wp-json\/wp\/v2\/media\/10786"}],"wp:attachment":[{"href":"https:\/\/diariodigitalnea.com\/index.php\/wp-json\/wp\/v2\/media?parent=10785"}],"wp:term":[{"taxonomy":"category","embeddable":true,"href":"https:\/\/diariodigitalnea.com\/index.php\/wp-json\/wp\/v2\/categories?post=10785"},{"taxonomy":"post_tag","embeddable":true,"href":"https:\/\/diariodigitalnea.com\/index.php\/wp-json\/wp\/v2\/tags?post=10785"}],"curies":[{"name":"wp","href":"https:\/\/api.w.org\/{rel}","templated":true}]}}