{"id":10743,"date":"2023-09-21T00:58:13","date_gmt":"2023-09-21T00:58:13","guid":{"rendered":"https:\/\/diariodigitalnea.com\/?p=10743"},"modified":"2023-09-21T00:58:14","modified_gmt":"2023-09-21T00:58:14","slug":"el-banco-central-cerro-una-nueva-jornada-positiva-y-lleva-comprados-mas-de-usd-500-millones-en-septiembre","status":"publish","type":"post","link":"https:\/\/diariodigitalnea.com\/index.php\/2023\/09\/21\/el-banco-central-cerro-una-nueva-jornada-positiva-y-lleva-comprados-mas-de-usd-500-millones-en-septiembre\/","title":{"rendered":"El Banco Central cerr\u00f3 una nueva jornada positiva y lleva comprados m\u00e1s de USD 500 millones en septiembre"},"content":{"rendered":"\n<p>El Banco Central registr\u00f3 un total de 27 d\u00edas h\u00e1biles consecutivos con un saldo positivo en sus operaciones en el Mercado \u00danico y Libre de Cambios (MULC).<\/p>\n\n\n\n<p><br>El Banco Central registr\u00f3 un total de 27 d\u00edas h\u00e1biles consecutivos con un saldo positivo en sus operaciones en el Mercado \u00danico y Libre de Cambios (MULC), desde la devaluaci\u00f3n ocurrida el 14 de agosto. Durante este per\u00edodo, adquiri\u00f3 aproximadamente 1.638 millones de d\u00f3lares en divisas l\u00edquidas , marcando la racha m\u00e1s larga de compras desde mayo a julio de 2021.<\/p>\n\n\n\n<figure class=\"wp-block-image size-large\"><img fetchpriority=\"high\" decoding=\"async\" width=\"1024\" height=\"513\" src=\"http:\/\/diariodigitalnea.com\/wp-content\/uploads\/2023\/05\/ENCUENTRO-IG-Verde-copy-1024x513.jpg\" alt=\"PUBLICIDAD\" class=\"wp-image-8132\" srcset=\"https:\/\/diariodigitalnea.com\/wp-content\/uploads\/2023\/05\/ENCUENTRO-IG-Verde-copy-1024x513.jpg 1024w, https:\/\/diariodigitalnea.com\/wp-content\/uploads\/2023\/05\/ENCUENTRO-IG-Verde-copy-300x150.jpg 300w, https:\/\/diariodigitalnea.com\/wp-content\/uploads\/2023\/05\/ENCUENTRO-IG-Verde-copy-768x385.jpg 768w, https:\/\/diariodigitalnea.com\/wp-content\/uploads\/2023\/05\/ENCUENTRO-IG-Verde-copy-1536x769.jpg 1536w, https:\/\/diariodigitalnea.com\/wp-content\/uploads\/2023\/05\/ENCUENTRO-IG-Verde-copy-2048x1026.jpg 2048w\" sizes=\"(max-width: 1024px) 100vw, 1024px\" \/><figcaption>Publicidad: Encuentro Tienda de Bebidas, Chile 190 Local 4 \u2013 Tel: 3624386655 &#8211; Gral San Mart\u00edn<\/figcaption><\/figure>\n\n\n\n<p>En lo que va de septiembre, la entidad monetaria ha acumulado compras netas por alrededor de 513 millones de d\u00f3lares . Sin embargo, en el transcurso de 2023, el Banco Central a\u00fan tiene un saldo negativo neto de aproximadamente 1.766 millones de d\u00f3lares debido a su intervenci\u00f3n en el mercado mayorista de divisas.<\/p>\n\n\n\n<p><\/p>\n\n\n\n<p>Las reservas internacionales brutas del Banco Central disminuyeron en 32 millones de d\u00f3lares el martes, llegando a un total de 27.436 millones de d\u00f3lares, su nivel m\u00e1s bajo desde el 22 de agosto pasado. En lo que va de septiembre, estas reservas han disminuido en 378 millones de d\u00f3lares , acumulando una reducci\u00f3n de 17.162 millones de d\u00f3lares o un 38,5 por ciento en lo que va del a\u00f1o 2023.<\/p>\n\n\n\n<figure class=\"wp-block-image size-large\"><img decoding=\"async\" width=\"1024\" height=\"446\" src=\"http:\/\/diariodigitalnea.com\/wp-content\/uploads\/2023\/05\/CONSTRUCAL-CON-FABRICA-2-1024x446.jpg\" alt=\"publicidad Construcal 2\" class=\"wp-image-8211\" srcset=\"https:\/\/diariodigitalnea.com\/wp-content\/uploads\/2023\/05\/CONSTRUCAL-CON-FABRICA-2-1024x446.jpg 1024w, https:\/\/diariodigitalnea.com\/wp-content\/uploads\/2023\/05\/CONSTRUCAL-CON-FABRICA-2-300x131.jpg 300w, https:\/\/diariodigitalnea.com\/wp-content\/uploads\/2023\/05\/CONSTRUCAL-CON-FABRICA-2-768x334.jpg 768w, https:\/\/diariodigitalnea.com\/wp-content\/uploads\/2023\/05\/CONSTRUCAL-CON-FABRICA-2-1536x669.jpg 1536w, https:\/\/diariodigitalnea.com\/wp-content\/uploads\/2023\/05\/CONSTRUCAL-CON-FABRICA-2-2048x892.jpg 2048w\" sizes=\"(max-width: 1024px) 100vw, 1024px\" \/><figcaption>Publicidad: ConstruCal Cales hidratas y vivas para uso vial y construcci\u00f3n TEL: 3624602737\n<\/figcaption><\/figure>\n","protected":false},"excerpt":{"rendered":"<p>El Banco Central registr\u00f3 un total de 27 d\u00edas h\u00e1biles consecutivos con un saldo positivo en sus operaciones en el Mercado \u00danico y Libre de Cambios (MULC). El Banco Central registr\u00f3 un total de 27 d\u00edas h\u00e1biles consecutivos con un saldo positivo en sus operaciones en el Mercado \u00danico y Libre de Cambios (MULC), desde [&hellip;]<\/p>\n","protected":false},"author":4,"featured_media":10744,"comment_status":"closed","ping_status":"closed","sticky":false,"template":"","format":"standard","meta":{"om_disable_all_campaigns":false,"_monsterinsights_skip_tracking":false,"_monsterinsights_sitenote_active":false,"_monsterinsights_sitenote_note":"","_monsterinsights_sitenote_category":0,"footnotes":""},"categories":[90,4],"tags":[834,3473],"class_list":["post-10743","post","type-post","status-publish","format-standard","has-post-thumbnail","hentry","category-nacionales","category-politica","tag-banco-central","tag-economia-2"],"aioseo_notices":[],"amp_enabled":true,"_links":{"self":[{"href":"https:\/\/diariodigitalnea.com\/index.php\/wp-json\/wp\/v2\/posts\/10743","targetHints":{"allow":["GET"]}}],"collection":[{"href":"https:\/\/diariodigitalnea.com\/index.php\/wp-json\/wp\/v2\/posts"}],"about":[{"href":"https:\/\/diariodigitalnea.com\/index.php\/wp-json\/wp\/v2\/types\/post"}],"author":[{"embeddable":true,"href":"https:\/\/diariodigitalnea.com\/index.php\/wp-json\/wp\/v2\/users\/4"}],"replies":[{"embeddable":true,"href":"https:\/\/diariodigitalnea.com\/index.php\/wp-json\/wp\/v2\/comments?post=10743"}],"version-history":[{"count":1,"href":"https:\/\/diariodigitalnea.com\/index.php\/wp-json\/wp\/v2\/posts\/10743\/revisions"}],"predecessor-version":[{"id":10745,"href":"https:\/\/diariodigitalnea.com\/index.php\/wp-json\/wp\/v2\/posts\/10743\/revisions\/10745"}],"wp:featuredmedia":[{"embeddable":true,"href":"https:\/\/diariodigitalnea.com\/index.php\/wp-json\/wp\/v2\/media\/10744"}],"wp:attachment":[{"href":"https:\/\/diariodigitalnea.com\/index.php\/wp-json\/wp\/v2\/media?parent=10743"}],"wp:term":[{"taxonomy":"category","embeddable":true,"href":"https:\/\/diariodigitalnea.com\/index.php\/wp-json\/wp\/v2\/categories?post=10743"},{"taxonomy":"post_tag","embeddable":true,"href":"https:\/\/diariodigitalnea.com\/index.php\/wp-json\/wp\/v2\/tags?post=10743"}],"curies":[{"name":"wp","href":"https:\/\/api.w.org\/{rel}","templated":true}]}}