{"id":10676,"date":"2023-09-18T03:33:21","date_gmt":"2023-09-18T03:33:21","guid":{"rendered":"https:\/\/diariodigitalnea.com\/?p=10676"},"modified":"2023-09-18T03:34:40","modified_gmt":"2023-09-18T03:34:40","slug":"zdero-gobernador-la-ucr-vuelve-al-poder-en-chaco-tras-16-anos-del-peronismo","status":"publish","type":"post","link":"https:\/\/diariodigitalnea.com\/index.php\/2023\/09\/18\/zdero-gobernador-la-ucr-vuelve-al-poder-en-chaco-tras-16-anos-del-peronismo\/","title":{"rendered":"Zdero Gobernador, la UCR vuelve al poder en Chaco tras 16 a\u00f1os del Peronismo"},"content":{"rendered":"\n<p>El candidato opositor logr\u00f3 la victoria en primera vuelta; Capitanich admiti\u00f3 la derrota y Gustavo Mart\u00ednez posicion\u00f3 a su espacio como tercera fuerza<\/p>\n\n\n\n<p><br>Tras 16 a\u00f1os de gobierno peronista, Chaco eligi\u00f3 este domingo a sus nuevos representantes y el opositor Leandro Zdero logr\u00f3 la victoria en primera vuelta para convertirse en el pr\u00f3ximo gobernador a partir del 10 de diciembre, en reemplazo del tres veces mandatario, Jorge Capitanich.<\/p>\n\n\n\n<p><\/p>\n\n\n\n<p>Juntos por el Cambio, que ya hab\u00eda ganado en las PASO pero con el 42% y con una diferencia de cinco puntos con Capitanich, logr\u00f3 incrementar su tendencia y lleg\u00f3 al 46% de los votos para vencer al Frente Chaque\u00f1o, que consigui\u00f3 cerca del 41%.<\/p>\n\n\n\n<p><\/p>\n\n\n\n<p>La Corriente de Expresi\u00f3n Renovada, el espacio de Gustavo Mart\u00ednez y Elida Cuesta, se consolid\u00f3 como tercera fuerza pol\u00edtica tal como buscaban, y sac\u00f3 aproximadamente el 6%. Desde el espacio de Gustavo Mart\u00ednez todav\u00eda mantienen la esperanza de retener la intendencia de Resistencia con Cuesta, la actual presidente de la C\u00e1mara de Diputados.<\/p>\n\n\n\n<figure class=\"wp-block-image size-full\"><img fetchpriority=\"high\" decoding=\"async\" width=\"1024\" height=\"656\" src=\"https:\/\/diariodigitalnea.com\/wp-content\/uploads\/2023\/09\/WhatsApp-Image-2023-09-17-at-23.35.54.jpeg\" alt=\"\" class=\"wp-image-10681\" srcset=\"https:\/\/diariodigitalnea.com\/wp-content\/uploads\/2023\/09\/WhatsApp-Image-2023-09-17-at-23.35.54.jpeg 1024w, https:\/\/diariodigitalnea.com\/wp-content\/uploads\/2023\/09\/WhatsApp-Image-2023-09-17-at-23.35.54-300x192.jpeg 300w, https:\/\/diariodigitalnea.com\/wp-content\/uploads\/2023\/09\/WhatsApp-Image-2023-09-17-at-23.35.54-768x492.jpeg 768w\" sizes=\"(max-width: 1024px) 100vw, 1024px\" \/><\/figure>\n\n\n\n<p>Los liberales, representados por Alfredo \u00abCapi\u00bb Rodr\u00edguez y ensombrados a nivel nacional por el flamante ganador de las PASO, Javier Milei y su espacio La Libertad Avanza, consiguieron alrededor del 3% y no lograron juntar la contundencia de votos que hab\u00edan demostrado en las Primarias a Presidente del pasado 13 de agosto, cuando Milei fue la segunda fuerza m\u00e1s votada en la provincia.<\/p>\n\n\n\n<p><\/p>\n\n\n\n<p>El Gobierno de Capitanich lleg\u00f3 a las generales con la dura tarea de dejar atr\u00e1s la sombra causada por el impacto del caso Strzyzowski. La misi\u00f3n luego del primer resultado electoral fue repatriar los votos perdidos por el hecho policial y la vinculaci\u00f3n pol\u00edtica de los Sena -familia piquetera acusada del asesinato de la joven de 28 a\u00f1os- con el mandatario.<\/p>\n\n\n\n<p><\/p>\n\n\n\n<p>La cantidad de inauguraciones, anuncios econ\u00f3micos y medidas para levantar la imagen del Gobierno no fueron suficiente para paliar, adem\u00e1s, los p\u00e9simos resultados del Gobierno Nacional que lideran Alberto Fern\u00e1ndez, Cristina Kirchner y Sergio Massa.<\/p>\n\n\n\n<figure class=\"wp-block-image size-full\"><img decoding=\"async\" width=\"1024\" height=\"587\" src=\"https:\/\/diariodigitalnea.com\/wp-content\/uploads\/2023\/09\/WhatsApp-Image-2023-09-17-at-23.36.03.jpeg\" alt=\"\" class=\"wp-image-10683\" srcset=\"https:\/\/diariodigitalnea.com\/wp-content\/uploads\/2023\/09\/WhatsApp-Image-2023-09-17-at-23.36.03.jpeg 1024w, https:\/\/diariodigitalnea.com\/wp-content\/uploads\/2023\/09\/WhatsApp-Image-2023-09-17-at-23.36.03-300x172.jpeg 300w, https:\/\/diariodigitalnea.com\/wp-content\/uploads\/2023\/09\/WhatsApp-Image-2023-09-17-at-23.36.03-768x440.jpeg 768w\" sizes=\"(max-width: 1024px) 100vw, 1024px\" \/><\/figure>\n\n\n\n<p>Cerca de las 21:30 hoy, Jorge Capitanich finalmente reconoci\u00f3 la derrota. Lo hizo en una conferencia de prensa en Casa de Gobierno, rodeado de sus funcionarios como P\u00eda Cavana, quienes lloraban a su lado impactados por la \u00abvictoria de la derecha\u00bb.<\/p>\n\n\n\n<p><\/p>\n\n\n\n<p>\u00abMe comuniqu\u00e9 con el candidato a gobernador Leandro Zdero, a quien le dese\u00e9 el \u00e9xito a partir del 10 de diciembre de 2023, porque ha sido elegido por la voluntad popular del pueblo del Chaco. Que cuente con nosotros\u00bb, dijo Capitanich en un efusivo discurso a medios de comunicaci\u00f3n y militantes que lo vanagloriaron hasta la \u00faltima palabra.<\/p>\n\n\n\n<p><\/p>\n\n\n\n<p>Minutos despu\u00e9s, desde el bunker de Zdero, lleg\u00f3 la foto: las principales figuras de la oposici\u00f3n provincial subieron al escenario acompa\u00f1ados del nuevo gobernador electo y la candidata a presidente, Patricia Bullrich. \u00abEste proyecto pol\u00edtico que surgi\u00f3 de la gente, surgi\u00f3 de la alianza con los chaque\u00f1os y eso va a ser lo que vamos a custodiar durante nuestra gesti\u00f3n. Hoy se sinti\u00f3 el grito de confianza y estamos agradecidos\u00bb, dijo Zdero ante una militancia multitudinaria.<\/p>\n\n\n\n<figure class=\"wp-block-image size-full\"><img decoding=\"async\" width=\"1024\" height=\"671\" src=\"https:\/\/diariodigitalnea.com\/wp-content\/uploads\/2023\/09\/WhatsApp-Image-2023-09-17-at-11.41.20.jpeg\" alt=\"\" class=\"wp-image-10684\" srcset=\"https:\/\/diariodigitalnea.com\/wp-content\/uploads\/2023\/09\/WhatsApp-Image-2023-09-17-at-11.41.20.jpeg 1024w, https:\/\/diariodigitalnea.com\/wp-content\/uploads\/2023\/09\/WhatsApp-Image-2023-09-17-at-11.41.20-300x197.jpeg 300w, https:\/\/diariodigitalnea.com\/wp-content\/uploads\/2023\/09\/WhatsApp-Image-2023-09-17-at-11.41.20-768x503.jpeg 768w\" sizes=\"(max-width: 1024px) 100vw, 1024px\" \/><\/figure>\n\n\n\n<p>Por su parte, Bullrich indic\u00f3: \u00abQuiero hablarles a los que est\u00e1n angustiados, lo que viven sin agua, lo que se fueron sus hijos, a aquellos que han perdido todo, a los argentinos sufrientes, a esos les chaque\u00f1os que hoy est\u00e1n en cada uno de los pueblos seguramente llorando porque tienen otra oportunidad con Leandro, a esos chaque\u00f1os les quiero decir que lo que sufrieron no lo van a sufrir m\u00e1s, y esto mismo lo vamos a hacer a lo largo y a lo ancho del pa\u00eds\u00bb<\/p>\n\n\n\n<p><\/p>\n\n\n\n<p><strong>RESULTADOS<br><\/strong>Resistencia, que en las PASO ya hab\u00eda favorecido ampliamente al candidato opositor, volvi\u00f3 a reflejar la misma tendencia y Zdero consigui\u00f3 el 46% de los votos. El Frente Chaque\u00f1o perdi\u00f3 por 13 puntos, con 33,43%. Gustavo Mart\u00ednez, con el CER, logr\u00f3 el tercer puesto con el 8,99% mientras que los liberales se llevaron un 5,32%.<\/p>\n\n\n\n<p><\/p>\n\n\n\n<p>S\u00e1enz Pe\u00f1a, basti\u00f3n radical donde gobierna Bruno Cipolini -quien fue reelecto-, tambi\u00e9n le aport\u00f3 un gran porcentaje de votos a Zdero. La diferencia entre el radicalismo y el peronismo fue de aproximadamente 13 mil votos, casi el 42% de los votos que le valieron la victoria a la oposici\u00f3n en la provincia.<\/p>\n\n\n\n<p><\/p>\n\n\n\n<p>En Barranqueras, la intendente peronista Magda Ayala fue la arrasante ganadora con el 56% de los votos en comparaci\u00f3n con s\u00f3lo el 28% que consigui\u00f3 la representante de JxC, Alicia Azula. Uno de los ejes a observar en la localidad portuaria es el corte de boletas: en las PASO, Ayala hab\u00eda ganado, pero Capitanich fue derrotado ante Zdero. Esta tendencia fue revertida este domingo, cuando el actual gobernador s\u00ed fue el candidato provincial m\u00e1s votado con 43%.<\/p>\n\n\n\n<p><\/p>\n\n\n\n<p>Castelli fue otra de las localidades donde el corte de boletas estuvo muy presente. P\u00edo Sander, actual intendente, fue reelecto con el 53% y venci\u00f3 a Sebasti\u00e1n Lazzarini quien consigui\u00f3 el 39%. Sin embargo, Zdero fue quien m\u00e1s votos recaud\u00f3 como gobernador: venci\u00f3 a Capitanich con el 46,81%, una diferencia m\u00ednima de 0,80 puntos.<\/p>\n\n\n\n<figure class=\"wp-block-image size-large\"><img loading=\"lazy\" decoding=\"async\" width=\"1024\" height=\"638\" src=\"https:\/\/diariodigitalnea.com\/wp-content\/uploads\/2023\/09\/WhatsApp-Image-2023-09-14-at-22.41.15-1024x638.jpeg\" alt=\"\" class=\"wp-image-10685\" srcset=\"https:\/\/diariodigitalnea.com\/wp-content\/uploads\/2023\/09\/WhatsApp-Image-2023-09-14-at-22.41.15-1024x638.jpeg 1024w, https:\/\/diariodigitalnea.com\/wp-content\/uploads\/2023\/09\/WhatsApp-Image-2023-09-14-at-22.41.15-300x187.jpeg 300w, https:\/\/diariodigitalnea.com\/wp-content\/uploads\/2023\/09\/WhatsApp-Image-2023-09-14-at-22.41.15-768x479.jpeg 768w, https:\/\/diariodigitalnea.com\/wp-content\/uploads\/2023\/09\/WhatsApp-Image-2023-09-14-at-22.41.15.jpeg 1046w\" sizes=\"(max-width: 1024px) 100vw, 1024px\" \/><\/figure>\n\n\n\n<p>San Mart\u00edn, una de las localidades donde hist\u00f3ricamente gana el peronismo, no dio el brazo a torcer y, en una elecci\u00f3n re\u00f1ida, el intendente Mauro Leiva consigui\u00f3 la reelecci\u00f3n con el 42,26%. Su contrincante opositor, pero no correspondiente a JxC, Fabi\u00e1n Alcides Garc\u00eda, dio batalla y se qued\u00f3 con el 38,69%.<\/p>\n\n\n\n<p><\/p>\n\n\n\n<p>Charata es una de las localidades donde el peronismo sufri\u00f3 una de las mayores derrotas. Mar\u00eda Luisa Chomiak, dirigente de renombre, hab\u00eda ganado la intendencia cuatro a\u00f1os atr\u00e1s pero en las legislativas de 2021 asumi\u00f3 como diputada nacional y dej\u00f3 el Municipio a cargo de su mano derecha, Alejandra Campos.<\/p>\n\n\n\n<p><\/p>\n\n\n\n<p>Los dos a\u00f1os de Campos y la campa\u00f1a no fueron suficientes, y este domingo los charatenses eligieron como nuevo intendente al candidato de Juntos por el Cambio, Rub\u00e9n Rach, con el 49,46%. Campos estuvo cerca, pero qued\u00f3 en segundo lugar con el 46,3%.<\/p>\n\n\n\n<p><\/p>\n\n\n\n<p>A nivel provincial, Capitanich fue ampliamente derrotado al conseguir el 40,14% de los votos. Fue superado por Leandro Zdero, quien obtuvo el 53,81%. Otra vez, la presencia firme del corte de boletas.<\/p>\n\n\n\n<p><\/p>\n\n\n\n<figure class=\"wp-block-image size-large\"><img loading=\"lazy\" decoding=\"async\" width=\"1024\" height=\"513\" src=\"http:\/\/diariodigitalnea.com\/wp-content\/uploads\/2023\/05\/ENCUENTRO-IG-Verde-copy-1024x513.jpg\" alt=\"PUBLICIDAD\" class=\"wp-image-8132\" srcset=\"https:\/\/diariodigitalnea.com\/wp-content\/uploads\/2023\/05\/ENCUENTRO-IG-Verde-copy-1024x513.jpg 1024w, https:\/\/diariodigitalnea.com\/wp-content\/uploads\/2023\/05\/ENCUENTRO-IG-Verde-copy-300x150.jpg 300w, https:\/\/diariodigitalnea.com\/wp-content\/uploads\/2023\/05\/ENCUENTRO-IG-Verde-copy-768x385.jpg 768w, https:\/\/diariodigitalnea.com\/wp-content\/uploads\/2023\/05\/ENCUENTRO-IG-Verde-copy-1536x769.jpg 1536w, https:\/\/diariodigitalnea.com\/wp-content\/uploads\/2023\/05\/ENCUENTRO-IG-Verde-copy-2048x1026.jpg 2048w\" sizes=\"(max-width: 1024px) 100vw, 1024px\" \/><figcaption>Publicidad: Encuentro Tienda de Bebidas, Chile 190 Local 4 \u2013 Tel: 3624386655 &#8211; Gral San Mart\u00edn<\/figcaption><\/figure>\n\n\n\n<p><strong>Los proximos cambios en el Estado Chaque\u00f1o <br><\/strong>El pr\u00f3ximo 10 de diciembre, Leandro Zdero asumir\u00e1 como gobernador. Ocho diputados de Juntos por el Cambio y otros ocho del peronismo jurar\u00e1n luego en la C\u00e1mara de Diputados. Este gobierno del radicalismo unido con el PRO a nivel nacional, presentar\u00e1 su gesti\u00f3n tras 16 a\u00f1os peronistas y luego de la derrota de Roy Nikisch a manos de Jorge Capitanich en 2007, por poco m\u00e1s de 1.000 votos.<\/p>\n\n\n\n<p><\/p>\n\n\n\n<p>De esta manera, Juntos por el Cambio quedar\u00e1 con 15 legisladores en la C\u00e1mara baja. El Frente Chaque\u00f1o tendr\u00e1 14, la Corriente de Expresi\u00f3n Renovada sumar\u00e1 dos bancas propias, y el Frente Integrador s\u00f3lo quedar\u00e1 con uno. Estos n\u00fameros indican que para el avance de proyectos deber\u00e1n existir negociaciones entre los distintos partidos, y no se descuenta en este sentido que el Frente Integrador o el CER dialoguen con el pr\u00f3ximo oficialismo de Zdero.<\/p>\n\n\n\n<p><\/p>\n\n\n\n<p>Los chaque\u00f1os deber\u00e1n ir a las urnas el pr\u00f3ximo 22 de octubre para las elecciones generales a nivel nacional, donde nuevamente se pondr\u00e1 en tela de juicio la voluntad popular con los proyectos nacionales. En las elecciones previas, la lista de Sergio Massa fue la m\u00e1s votada y Juntos por el Cambio qued\u00f3 relegada a tercera fuerza, por lo que con estos nuevos vientos la Naci\u00f3n deber\u00e1 reforzar acciones para tratar de achicar diferencias en todos los territorios.<\/p>\n\n\n\n<p><\/p>\n\n\n\n<figure class=\"wp-block-image size-large\"><img loading=\"lazy\" decoding=\"async\" width=\"1024\" height=\"446\" src=\"http:\/\/diariodigitalnea.com\/wp-content\/uploads\/2023\/05\/CONSTRUCAL-CON-FABRICA-2-1024x446.jpg\" alt=\"publicidad Construcal 2\" class=\"wp-image-8211\" srcset=\"https:\/\/diariodigitalnea.com\/wp-content\/uploads\/2023\/05\/CONSTRUCAL-CON-FABRICA-2-1024x446.jpg 1024w, https:\/\/diariodigitalnea.com\/wp-content\/uploads\/2023\/05\/CONSTRUCAL-CON-FABRICA-2-300x131.jpg 300w, https:\/\/diariodigitalnea.com\/wp-content\/uploads\/2023\/05\/CONSTRUCAL-CON-FABRICA-2-768x334.jpg 768w, https:\/\/diariodigitalnea.com\/wp-content\/uploads\/2023\/05\/CONSTRUCAL-CON-FABRICA-2-1536x669.jpg 1536w, https:\/\/diariodigitalnea.com\/wp-content\/uploads\/2023\/05\/CONSTRUCAL-CON-FABRICA-2-2048x892.jpg 2048w\" sizes=\"(max-width: 1024px) 100vw, 1024px\" \/><figcaption>Publicidad: ConstruCal Cales hidratas y vivas para uso vial y construcci\u00f3n TEL: 3624602737\n<\/figcaption><\/figure>\n","protected":false},"excerpt":{"rendered":"<p>El candidato opositor logr\u00f3 la victoria en primera vuelta; Capitanich admiti\u00f3 la derrota y Gustavo Mart\u00ednez posicion\u00f3 a su espacio como tercera fuerza Tras 16 a\u00f1os de gobierno peronista, Chaco eligi\u00f3 este domingo a sus nuevos representantes y el opositor Leandro Zdero logr\u00f3 la victoria en primera vuelta para convertirse en el pr\u00f3ximo gobernador a [&hellip;]<\/p>\n","protected":false},"author":4,"featured_media":10678,"comment_status":"closed","ping_status":"closed","sticky":false,"template":"","format":"standard","meta":{"om_disable_all_campaigns":false,"_monsterinsights_skip_tracking":false,"_monsterinsights_sitenote_active":false,"_monsterinsights_sitenote_note":"","_monsterinsights_sitenote_category":0,"footnotes":""},"categories":[33,4],"tags":[341,561],"class_list":["post-10676","post","type-post","status-publish","format-standard","has-post-thumbnail","hentry","category-chaco","category-politica","tag-gobernador","tag-zdero"],"aioseo_notices":[],"amp_enabled":true,"_links":{"self":[{"href":"https:\/\/diariodigitalnea.com\/index.php\/wp-json\/wp\/v2\/posts\/10676","targetHints":{"allow":["GET"]}}],"collection":[{"href":"https:\/\/diariodigitalnea.com\/index.php\/wp-json\/wp\/v2\/posts"}],"about":[{"href":"https:\/\/diariodigitalnea.com\/index.php\/wp-json\/wp\/v2\/types\/post"}],"author":[{"embeddable":true,"href":"https:\/\/diariodigitalnea.com\/index.php\/wp-json\/wp\/v2\/users\/4"}],"replies":[{"embeddable":true,"href":"https:\/\/diariodigitalnea.com\/index.php\/wp-json\/wp\/v2\/comments?post=10676"}],"version-history":[{"count":2,"href":"https:\/\/diariodigitalnea.com\/index.php\/wp-json\/wp\/v2\/posts\/10676\/revisions"}],"predecessor-version":[{"id":10687,"href":"https:\/\/diariodigitalnea.com\/index.php\/wp-json\/wp\/v2\/posts\/10676\/revisions\/10687"}],"wp:featuredmedia":[{"embeddable":true,"href":"https:\/\/diariodigitalnea.com\/index.php\/wp-json\/wp\/v2\/media\/10678"}],"wp:attachment":[{"href":"https:\/\/diariodigitalnea.com\/index.php\/wp-json\/wp\/v2\/media?parent=10676"}],"wp:term":[{"taxonomy":"category","embeddable":true,"href":"https:\/\/diariodigitalnea.com\/index.php\/wp-json\/wp\/v2\/categories?post=10676"},{"taxonomy":"post_tag","embeddable":true,"href":"https:\/\/diariodigitalnea.com\/index.php\/wp-json\/wp\/v2\/tags?post=10676"}],"curies":[{"name":"wp","href":"https:\/\/api.w.org\/{rel}","templated":true}]}}