{"id":10653,"date":"2023-09-15T01:48:26","date_gmt":"2023-09-15T01:48:26","guid":{"rendered":"https:\/\/diariodigitalnea.com\/?p=10653"},"modified":"2023-09-15T01:48:26","modified_gmt":"2023-09-15T01:48:26","slug":"en-accidentes-diferentes-mueren-dos-menores-que-conducian-motocicletas","status":"publish","type":"post","link":"https:\/\/diariodigitalnea.com\/index.php\/2023\/09\/15\/en-accidentes-diferentes-mueren-dos-menores-que-conducian-motocicletas\/","title":{"rendered":"En accidentes diferentes mueren dos menores que conduc\u00edan motocicletas"},"content":{"rendered":"\n<p>Uno se produjo en la ciudad de Charata y otro en Resistencia.<\/p>\n\n\n\n<p>El primer siniestro se produjo cerca del mediod\u00eda en la localidad de Charata, cuando los agentes de la Comisar\u00eda fueron alertados por un accidente de tr\u00e1nsito en la intersecci\u00f3n de la avenida G\u00fcemes y calle Capit\u00e1n Giachino. Un menor falleci\u00f3 en el hospital local.<\/p>\n\n\n\n<p>Alrededor de las 13:10, lo efectivos constataron que los part\u00edcipes del siniestro ser\u00edan un cami\u00f3n Fiat con acoplado conducido por un hombre de 57 a\u00f1os y una moto Gilera 110 cilindradas guiada por Benjam\u00edn Fern\u00e1ndez de 15 a\u00f1os, quien fue trasladado en ambulancia al Nosocomio Local. Minutos m\u00e1s tardes, el m\u00e9dico del Hospital inform\u00f3 el deceso del menor.<\/p>\n\n\n\n<p>Finalmente, se presentaron en el lugar del hecho personal de Gabinete Cient\u00edfico del Poder Judicial junto al ayudante de Fiscal. Como as\u00ed tambi\u00e9n, Polic\u00eda Caminera quienes realizaron Test de alcalemia al camionero dando resultado (0,00 G\/L).<\/p>\n\n\n\n<figure class=\"wp-block-image size-large\"><img fetchpriority=\"high\" decoding=\"async\" width=\"1024\" height=\"446\" src=\"http:\/\/diariodigitalnea.com\/wp-content\/uploads\/2023\/05\/CONSTRUCAL-CON-FABRICA-2-1024x446.jpg\" alt=\"publicidad Construcal 2\" class=\"wp-image-8211\" srcset=\"https:\/\/diariodigitalnea.com\/wp-content\/uploads\/2023\/05\/CONSTRUCAL-CON-FABRICA-2-1024x446.jpg 1024w, https:\/\/diariodigitalnea.com\/wp-content\/uploads\/2023\/05\/CONSTRUCAL-CON-FABRICA-2-300x131.jpg 300w, https:\/\/diariodigitalnea.com\/wp-content\/uploads\/2023\/05\/CONSTRUCAL-CON-FABRICA-2-768x334.jpg 768w, https:\/\/diariodigitalnea.com\/wp-content\/uploads\/2023\/05\/CONSTRUCAL-CON-FABRICA-2-1536x669.jpg 1536w, https:\/\/diariodigitalnea.com\/wp-content\/uploads\/2023\/05\/CONSTRUCAL-CON-FABRICA-2-2048x892.jpg 2048w\" sizes=\"(max-width: 1024px) 100vw, 1024px\" \/><figcaption>Publicidad: ConstruCal Cales hidratas y vivas para uso vial y construcci\u00f3n TEL: 3624602737\n<\/figcaption><\/figure>\n\n\n\n<h2 class=\"wp-block-heading\">Accidente fatal en Resistencia<\/h2>\n\n\n\n<p>El segundo accidente que se registr\u00f3 se produjo este mediod\u00eda, cuando las unidades policiales fueron alertadas por un siniestro vial en la esquina de avenida Edison y calle Doctor de Grandi de Resistencia. Una mujer en un Citro\u00ebn Air Cross y un joven en una Honda Tornado habr\u00edan sido los part\u00edcipes. El joven, de tan solo 17 a\u00f1os, falleci\u00f3 esta siesta en el hospital.<\/p>\n\n\n\n<p>El incidente ocurri\u00f3 cerca de la 12 de este jueves. Una mujer de 71 a\u00f1os y un joven de 17 habr\u00edan colisionado con sus veh\u00edculos y el menor de edad, que se trasladaba en moto, qued\u00f3 gravemente herido. Luego, los agentes de la Divisi\u00f3n Criminal\u00edstica se hicieron presentes en el lugar para realizar las pericias del siniestro.&nbsp;<\/p>\n\n\n\n<p>Finalmente, pese a los esfuerzos de los profesionales de la salud, el ciudadano identificado como Facundo Fabi\u00e1n Castro G\u00f3mez, perdi\u00f3 la vida en el hospital a eso de las 14:19.<\/p>\n\n\n\n<p>El Equipo Fiscal N\u00b0 03 dispuso que el cuerpo del joven sea trasladado al IMCIF para realizar la correspondiente autopsia.<\/p>\n","protected":false},"excerpt":{"rendered":"<p>Uno se produjo en la ciudad de Charata y otro en Resistencia. El primer siniestro se produjo cerca del mediod\u00eda en la localidad de Charata, cuando los agentes de la Comisar\u00eda fueron alertados por un accidente de tr\u00e1nsito en la intersecci\u00f3n de la avenida G\u00fcemes y calle Capit\u00e1n Giachino. Un menor falleci\u00f3 en el hospital [&hellip;]<\/p>\n","protected":false},"author":3,"featured_media":10654,"comment_status":"closed","ping_status":"closed","sticky":false,"template":"","format":"standard","meta":{"om_disable_all_campaigns":false,"_monsterinsights_skip_tracking":false,"_monsterinsights_sitenote_active":false,"_monsterinsights_sitenote_note":"","_monsterinsights_sitenote_category":0,"footnotes":""},"categories":[33,52],"tags":[3455,3456,756,202],"class_list":["post-10653","post","type-post","status-publish","format-standard","has-post-thumbnail","hentry","category-chaco","category-policiales","tag-menores-de-edad","tag-motocicletas","tag-siniestro-vial","tag-tragedia"],"aioseo_notices":[],"amp_enabled":true,"_links":{"self":[{"href":"https:\/\/diariodigitalnea.com\/index.php\/wp-json\/wp\/v2\/posts\/10653","targetHints":{"allow":["GET"]}}],"collection":[{"href":"https:\/\/diariodigitalnea.com\/index.php\/wp-json\/wp\/v2\/posts"}],"about":[{"href":"https:\/\/diariodigitalnea.com\/index.php\/wp-json\/wp\/v2\/types\/post"}],"author":[{"embeddable":true,"href":"https:\/\/diariodigitalnea.com\/index.php\/wp-json\/wp\/v2\/users\/3"}],"replies":[{"embeddable":true,"href":"https:\/\/diariodigitalnea.com\/index.php\/wp-json\/wp\/v2\/comments?post=10653"}],"version-history":[{"count":1,"href":"https:\/\/diariodigitalnea.com\/index.php\/wp-json\/wp\/v2\/posts\/10653\/revisions"}],"predecessor-version":[{"id":10655,"href":"https:\/\/diariodigitalnea.com\/index.php\/wp-json\/wp\/v2\/posts\/10653\/revisions\/10655"}],"wp:featuredmedia":[{"embeddable":true,"href":"https:\/\/diariodigitalnea.com\/index.php\/wp-json\/wp\/v2\/media\/10654"}],"wp:attachment":[{"href":"https:\/\/diariodigitalnea.com\/index.php\/wp-json\/wp\/v2\/media?parent=10653"}],"wp:term":[{"taxonomy":"category","embeddable":true,"href":"https:\/\/diariodigitalnea.com\/index.php\/wp-json\/wp\/v2\/categories?post=10653"},{"taxonomy":"post_tag","embeddable":true,"href":"https:\/\/diariodigitalnea.com\/index.php\/wp-json\/wp\/v2\/tags?post=10653"}],"curies":[{"name":"wp","href":"https:\/\/api.w.org\/{rel}","templated":true}]}}