{"id":10590,"date":"2023-09-11T22:22:00","date_gmt":"2023-09-11T22:22:00","guid":{"rendered":"https:\/\/diariodigitalnea.com\/?p=10590"},"modified":"2023-09-11T22:22:01","modified_gmt":"2023-09-11T22:22:01","slug":"carmen-electra-su-salto-de-baywatch-al-contenido-para-adultos","status":"publish","type":"post","link":"https:\/\/diariodigitalnea.com\/index.php\/2023\/09\/11\/carmen-electra-su-salto-de-baywatch-al-contenido-para-adultos\/","title":{"rendered":"Carmen Electra: su salto de &#8216;Baywatch&#8217; al contenido para adultos"},"content":{"rendered":"\n<p>Aunque cueste creerlo, Carmen Electra tan s\u00f3lo particip\u00f3 en 22 cap\u00edtulos de \u00abBaywatch\u00bb (&#8216;Los Vigilantes de la Playa&#8217; \/ &#8216;Guardianes de la Bah\u00eda&#8217;).<\/p>\n\n\n\n<p>Fue entre 1997 y 1998 cuando Lani McKenzie, su personaje en la serie, se hizo un hueco en el Olimpo de una serie que marc\u00f3 la d\u00e9cada de los 90.<\/p>\n\n\n\n<figure class=\"wp-block-gallery has-nested-images columns-default is-cropped wp-block-gallery-1 is-layout-flex wp-block-gallery-is-layout-flex\">\n<figure class=\"wp-block-image size-large\"><img fetchpriority=\"high\" decoding=\"async\" width=\"652\" height=\"435\" data-id=\"10592\" src=\"http:\/\/diariodigitalnea.com\/wp-content\/uploads\/2023\/09\/electra.jpg\" alt=\"\" class=\"wp-image-10592\" srcset=\"https:\/\/diariodigitalnea.com\/wp-content\/uploads\/2023\/09\/electra.jpg 652w, https:\/\/diariodigitalnea.com\/wp-content\/uploads\/2023\/09\/electra-300x200.jpg 300w\" sizes=\"(max-width: 652px) 100vw, 652px\" \/><\/figure>\n\n\n\n<figure class=\"wp-block-image size-large\"><img decoding=\"async\" width=\"652\" height=\"435\" data-id=\"10604\" src=\"http:\/\/diariodigitalnea.com\/wp-content\/uploads\/2023\/09\/electra13.jpg\" alt=\"\" class=\"wp-image-10604\" srcset=\"https:\/\/diariodigitalnea.com\/wp-content\/uploads\/2023\/09\/electra13.jpg 652w, https:\/\/diariodigitalnea.com\/wp-content\/uploads\/2023\/09\/electra13-300x200.jpg 300w\" sizes=\"(max-width: 652px) 100vw, 652px\" \/><\/figure>\n<\/figure>\n\n\n\n<p>A partir de ah\u00ed, lo cierto es que costar\u00eda enumerar otros tres proyectos en los que Carmen Electra haya participado como actriz, a pesar de que su filmograf\u00eda roza el centenar de trabajos, entre cine, televisi\u00f3n y doblaje.<\/p>\n\n\n\n<p>Su \u00faltimo trabajo como actriz data de 2018, cuando particip\u00f3 en un cap\u00edtulo de la olvidada comedia &#8216;Alone Together&#8217;.<\/p>\n\n\n\n<p>Pero por si alguien se queda con la duda, tres de sus trabajos m\u00e1s conocidos han sido &#8216;Scary Movie&#8217; (2000), &#8216;Date Movie&#8217; (2006) o &#8216;Epic Movie&#8217; (2007).<\/p>\n\n\n\n<figure class=\"wp-block-gallery has-nested-images columns-default is-cropped wp-block-gallery-2 is-layout-flex wp-block-gallery-is-layout-flex\">\n<figure class=\"wp-block-image size-large\"><img decoding=\"async\" width=\"652\" height=\"435\" data-id=\"10596\" src=\"http:\/\/diariodigitalnea.com\/wp-content\/uploads\/2023\/09\/electra5.jpg\" alt=\"\" class=\"wp-image-10596\" srcset=\"https:\/\/diariodigitalnea.com\/wp-content\/uploads\/2023\/09\/electra5.jpg 652w, https:\/\/diariodigitalnea.com\/wp-content\/uploads\/2023\/09\/electra5-300x200.jpg 300w\" sizes=\"(max-width: 652px) 100vw, 652px\" \/><\/figure>\n\n\n\n<figure class=\"wp-block-image size-large\"><img loading=\"lazy\" decoding=\"async\" width=\"652\" height=\"435\" data-id=\"10595\" src=\"http:\/\/diariodigitalnea.com\/wp-content\/uploads\/2023\/09\/electra4.jpg\" alt=\"\" class=\"wp-image-10595\" srcset=\"https:\/\/diariodigitalnea.com\/wp-content\/uploads\/2023\/09\/electra4.jpg 652w, https:\/\/diariodigitalnea.com\/wp-content\/uploads\/2023\/09\/electra4-300x200.jpg 300w\" sizes=\"(max-width: 652px) 100vw, 652px\" \/><\/figure>\n\n\n\n<figure class=\"wp-block-image size-large\"><img loading=\"lazy\" decoding=\"async\" width=\"652\" height=\"435\" data-id=\"10599\" src=\"http:\/\/diariodigitalnea.com\/wp-content\/uploads\/2023\/09\/electra8.jpg\" alt=\"\" class=\"wp-image-10599\" srcset=\"https:\/\/diariodigitalnea.com\/wp-content\/uploads\/2023\/09\/electra8.jpg 652w, https:\/\/diariodigitalnea.com\/wp-content\/uploads\/2023\/09\/electra8-300x200.jpg 300w\" sizes=\"(max-width: 652px) 100vw, 652px\" \/><\/figure>\n<\/figure>\n\n\n\n<p>Para renovarse, y en vista de que el mundo interpretativo ha terminado por dejar atr\u00e1s a Carmen Electra, la actriz ha optado por la cada vez m\u00e1s recurrente v\u00eda del contenido para adultos.<\/p>\n\n\n\n<p>Y es que Carmen Electra sabe que puede jugar con elementos como la nostalgia del mito en que se convirti\u00f3 de la mano de &#8216;Baywatch&#8217; y con la realidad de que mantiene un atractivo innegable.<\/p>\n\n\n\n<p>De hecho, la actriz no ha abierto un perfil en una conocida red social de contenido para adultos&#8230; \u00a1ha abierto dos!<\/p>\n\n\n\n<figure class=\"wp-block-gallery has-nested-images columns-default is-cropped wp-block-gallery-3 is-layout-flex wp-block-gallery-is-layout-flex\">\n<figure class=\"wp-block-image size-large\"><img loading=\"lazy\" decoding=\"async\" width=\"652\" height=\"435\" data-id=\"10602\" src=\"http:\/\/diariodigitalnea.com\/wp-content\/uploads\/2023\/09\/electra11.jpg\" alt=\"\" class=\"wp-image-10602\" srcset=\"https:\/\/diariodigitalnea.com\/wp-content\/uploads\/2023\/09\/electra11.jpg 652w, https:\/\/diariodigitalnea.com\/wp-content\/uploads\/2023\/09\/electra11-300x200.jpg 300w\" sizes=\"(max-width: 652px) 100vw, 652px\" \/><\/figure>\n\n\n\n<figure class=\"wp-block-image size-large\"><img loading=\"lazy\" decoding=\"async\" width=\"652\" height=\"435\" data-id=\"10601\" src=\"http:\/\/diariodigitalnea.com\/wp-content\/uploads\/2023\/09\/electra10.jpg\" alt=\"\" class=\"wp-image-10601\" srcset=\"https:\/\/diariodigitalnea.com\/wp-content\/uploads\/2023\/09\/electra10.jpg 652w, https:\/\/diariodigitalnea.com\/wp-content\/uploads\/2023\/09\/electra10-300x200.jpg 300w\" sizes=\"(max-width: 652px) 100vw, 652px\" \/><\/figure>\n\n\n\n<figure class=\"wp-block-image size-large\"><img loading=\"lazy\" decoding=\"async\" width=\"652\" height=\"435\" data-id=\"10603\" src=\"http:\/\/diariodigitalnea.com\/wp-content\/uploads\/2023\/09\/electra12.jpg\" alt=\"\" class=\"wp-image-10603\" srcset=\"https:\/\/diariodigitalnea.com\/wp-content\/uploads\/2023\/09\/electra12.jpg 652w, https:\/\/diariodigitalnea.com\/wp-content\/uploads\/2023\/09\/electra12-300x200.jpg 300w\" sizes=\"(max-width: 652px) 100vw, 652px\" \/><\/figure>\n<\/figure>\n\n\n\n<p>Por un lado, Carmen Electra ofrece una opci\u00f3n de suscripci\u00f3n gratuita con contenido variado sin tener que pagar y con determinadas fotos y v\u00eddeos que, para acceder a ellos, requieren pagos puntuales.<\/p>\n\n\n\n<p>Por otro lado, est\u00e1 la suscripci\u00f3n VIP. Esta es la suscripci\u00f3n m\u00e1s habitual en esta red social y a la que recurren muchos famosos que han dado el salto.<\/p>\n\n\n\n<p>En el caso de Carmen Electra, la suscripci\u00f3n mensual premium tiene un coste de 19,99 d\u00f3lares, con promociones puntuales para quienes adquieran suscripciones de 3 o 6 meses.<\/p>\n\n\n\n<p>Y si alguien piensa que la actriz se arrepiente o averg\u00fcenza de tener que recurrir a este tipo de p\u00e1ginas para llevar dinero a casa, es que no conoce realmente a Carmen Electra.<\/p>\n\n\n\n<figure class=\"wp-block-gallery has-nested-images columns-default is-cropped wp-block-gallery-4 is-layout-flex wp-block-gallery-is-layout-flex\">\n<figure class=\"wp-block-image size-large\"><img loading=\"lazy\" decoding=\"async\" width=\"652\" height=\"435\" data-id=\"10593\" src=\"http:\/\/diariodigitalnea.com\/wp-content\/uploads\/2023\/09\/electra2.jpg\" alt=\"\" class=\"wp-image-10593\" srcset=\"https:\/\/diariodigitalnea.com\/wp-content\/uploads\/2023\/09\/electra2.jpg 652w, https:\/\/diariodigitalnea.com\/wp-content\/uploads\/2023\/09\/electra2-300x200.jpg 300w\" sizes=\"(max-width: 652px) 100vw, 652px\" \/><\/figure>\n\n\n\n<figure class=\"wp-block-image size-large\"><img loading=\"lazy\" decoding=\"async\" width=\"652\" height=\"435\" data-id=\"10597\" src=\"http:\/\/diariodigitalnea.com\/wp-content\/uploads\/2023\/09\/electra6.jpg\" alt=\"\" class=\"wp-image-10597\" srcset=\"https:\/\/diariodigitalnea.com\/wp-content\/uploads\/2023\/09\/electra6.jpg 652w, https:\/\/diariodigitalnea.com\/wp-content\/uploads\/2023\/09\/electra6-300x200.jpg 300w\" sizes=\"(max-width: 652px) 100vw, 652px\" \/><\/figure>\n\n\n\n<figure class=\"wp-block-image size-large\"><img loading=\"lazy\" decoding=\"async\" width=\"652\" height=\"435\" data-id=\"10594\" src=\"http:\/\/diariodigitalnea.com\/wp-content\/uploads\/2023\/09\/electra3.jpg\" alt=\"\" class=\"wp-image-10594\" srcset=\"https:\/\/diariodigitalnea.com\/wp-content\/uploads\/2023\/09\/electra3.jpg 652w, https:\/\/diariodigitalnea.com\/wp-content\/uploads\/2023\/09\/electra3-300x200.jpg 300w\" sizes=\"(max-width: 652px) 100vw, 652px\" \/><\/figure>\n<\/figure>\n\n\n\n<p>\u00abMe encanta conectar con mis fans. A veces me hacen peticiones y es muy divertido. No s\u00e9 por qu\u00e9 no hice esto hace un a\u00f1o\u00bb, comentaba en una entrevista con &#8216;Bustle&#8217;.<\/p>\n\n\n\n<p>Por cierto, la petici\u00f3n m\u00e1s habitual que recibe Carmen Electra, como ella misma confiesa al citado medio, est\u00e1 m\u00e1s abajo de lo que mucha gente pueda pensar. \u00ab\u00a1A los fans les encantan los pies!\u00bb.<\/p>\n\n\n\n<p>A pesar de que cada vez son m\u00e1s las famosas y famosos que optan por esta v\u00eda, Carmen Electra entiende que haya quien no lo comparta. No obstante, la actriz valora mucho la libertad creativa que le permite esta plataforma.<\/p>\n\n\n\n<p>\u00abHollywood est\u00e1 cambiando. Debes sentirte c\u00f3moda contigo misma y vivir la vida que quieres vivir. Esta plataforma encaja perfectamente porque soy la directora creativa de mis propios rodajes en mi propio tiempo. No hay nada por ah\u00ed que no haya aprobado\u00bb. Dicho queda.<\/p>\n","protected":false},"excerpt":{"rendered":"<p>Aunque cueste creerlo, Carmen Electra tan s\u00f3lo particip\u00f3 en 22 cap\u00edtulos de \u00abBaywatch\u00bb (&#8216;Los Vigilantes de la Playa&#8217; \/ &#8216;Guardianes de la Bah\u00eda&#8217;). Fue entre 1997 y 1998 cuando Lani McKenzie, su personaje en la serie, se hizo un hueco en el Olimpo de una serie que marc\u00f3 la d\u00e9cada de los 90. A partir [&hellip;]<\/p>\n","protected":false},"author":3,"featured_media":10605,"comment_status":"closed","ping_status":"closed","sticky":false,"template":"","format":"standard","meta":{"om_disable_all_campaigns":false,"_monsterinsights_skip_tracking":false,"_monsterinsights_sitenote_active":false,"_monsterinsights_sitenote_note":"","_monsterinsights_sitenote_category":0,"footnotes":""},"categories":[7,95],"tags":[458,200,3442,3441],"class_list":["post-10590","post","type-post","status-publish","format-standard","has-post-thumbnail","hentry","category-espectaculos","category-informacion-general","tag-actriz","tag-adultos","tag-baywatch","tag-carmen-electra"],"aioseo_notices":[],"amp_enabled":true,"_links":{"self":[{"href":"https:\/\/diariodigitalnea.com\/index.php\/wp-json\/wp\/v2\/posts\/10590","targetHints":{"allow":["GET"]}}],"collection":[{"href":"https:\/\/diariodigitalnea.com\/index.php\/wp-json\/wp\/v2\/posts"}],"about":[{"href":"https:\/\/diariodigitalnea.com\/index.php\/wp-json\/wp\/v2\/types\/post"}],"author":[{"embeddable":true,"href":"https:\/\/diariodigitalnea.com\/index.php\/wp-json\/wp\/v2\/users\/3"}],"replies":[{"embeddable":true,"href":"https:\/\/diariodigitalnea.com\/index.php\/wp-json\/wp\/v2\/comments?post=10590"}],"version-history":[{"count":1,"href":"https:\/\/diariodigitalnea.com\/index.php\/wp-json\/wp\/v2\/posts\/10590\/revisions"}],"predecessor-version":[{"id":10606,"href":"https:\/\/diariodigitalnea.com\/index.php\/wp-json\/wp\/v2\/posts\/10590\/revisions\/10606"}],"wp:featuredmedia":[{"embeddable":true,"href":"https:\/\/diariodigitalnea.com\/index.php\/wp-json\/wp\/v2\/media\/10605"}],"wp:attachment":[{"href":"https:\/\/diariodigitalnea.com\/index.php\/wp-json\/wp\/v2\/media?parent=10590"}],"wp:term":[{"taxonomy":"category","embeddable":true,"href":"https:\/\/diariodigitalnea.com\/index.php\/wp-json\/wp\/v2\/categories?post=10590"},{"taxonomy":"post_tag","embeddable":true,"href":"https:\/\/diariodigitalnea.com\/index.php\/wp-json\/wp\/v2\/tags?post=10590"}],"curies":[{"name":"wp","href":"https:\/\/api.w.org\/{rel}","templated":true}]}}