{"id":10503,"date":"2023-09-06T02:14:19","date_gmt":"2023-09-06T02:14:19","guid":{"rendered":"https:\/\/diariodigitalnea.com\/?p=10503"},"modified":"2023-09-06T02:14:20","modified_gmt":"2023-09-06T02:14:20","slug":"despedida-a-silvina-luna-cuando-y-donde-sera-y-quienes-estaran-presentes-en-el-adios-a-la-actriz-y-modelo","status":"publish","type":"post","link":"https:\/\/diariodigitalnea.com\/index.php\/2023\/09\/06\/despedida-a-silvina-luna-cuando-y-donde-sera-y-quienes-estaran-presentes-en-el-adios-a-la-actriz-y-modelo\/","title":{"rendered":"Despedida a Silvina Luna: cu\u00e1ndo y d\u00f3nde ser\u00e1 y qui\u00e9nes estar\u00e1n presentes en el adi\u00f3s a la actriz y modelo"},"content":{"rendered":"\n<p>Falleci\u00f3 el pasado 31 de agosto, generando una tristeza enorme en familiares, amigos y la gente. Recibe sepultura para poder descansar en paz.<\/p>\n\n\n\n<p>A menos de una semana de su muerte, Silvina Luna recibir\u00e1 sepultura luego de la autopsia que se le realiz\u00f3 a su cuerpo en la investigaci\u00f3n sobre su deceso con el objetivo de ver si est\u00e1 relacionado con el producto inyectado por el m\u00e9dico An\u00edbal Lotocki.<\/p>\n\n\n\n<figure class=\"wp-block-image size-full\"><img fetchpriority=\"high\" decoding=\"async\" width=\"768\" height=\"348\" src=\"http:\/\/diariodigitalnea.com\/wp-content\/uploads\/2023\/09\/sil2.jpg\" alt=\"\" class=\"wp-image-10505\" srcset=\"https:\/\/diariodigitalnea.com\/wp-content\/uploads\/2023\/09\/sil2.jpg 768w, https:\/\/diariodigitalnea.com\/wp-content\/uploads\/2023\/09\/sil2-300x136.jpg 300w\" sizes=\"(max-width: 768px) 100vw, 768px\" \/><\/figure>\n\n\n\n<p>Su abogado, Fernando Burlando, quiere llegar hasta instancias finales en el caso de la investigaci\u00f3n que sigue adelante y que llev\u00f3 a la condena del m\u00e9dico pol\u00e9mico. El fallecimiento de la ex Gran Hermano fue motivo para hacer una nueva presentaci\u00f3n formal contra Lotocki que ahora analiza bajo lupa la Justicia. Tras la autopsia, expres\u00f3: \u00abSacaron mucho material\u00bb.<\/p>\n","protected":false},"excerpt":{"rendered":"<p>Falleci\u00f3 el pasado 31 de agosto, generando una tristeza enorme en familiares, amigos y la gente. Recibe sepultura para poder descansar en paz. A menos de una semana de su muerte, Silvina Luna recibir\u00e1 sepultura luego de la autopsia que se le realiz\u00f3 a su cuerpo en la investigaci\u00f3n sobre su deceso con el objetivo [&hellip;]<\/p>\n","protected":false},"author":3,"featured_media":10504,"comment_status":"closed","ping_status":"closed","sticky":false,"template":"","format":"standard","meta":{"om_disable_all_campaigns":false,"_monsterinsights_skip_tracking":false,"_monsterinsights_sitenote_active":false,"_monsterinsights_sitenote_note":"","_monsterinsights_sitenote_category":0,"footnotes":""},"categories":[7],"tags":[458,3415,203,1195,2250],"class_list":["post-10503","post","type-post","status-publish","format-standard","has-post-thumbnail","hentry","category-espectaculos","tag-actriz","tag-anibal-lotocki","tag-fallecimiento","tag-modelo","tag-silvina-luna"],"aioseo_notices":[],"amp_enabled":true,"_links":{"self":[{"href":"https:\/\/diariodigitalnea.com\/index.php\/wp-json\/wp\/v2\/posts\/10503","targetHints":{"allow":["GET"]}}],"collection":[{"href":"https:\/\/diariodigitalnea.com\/index.php\/wp-json\/wp\/v2\/posts"}],"about":[{"href":"https:\/\/diariodigitalnea.com\/index.php\/wp-json\/wp\/v2\/types\/post"}],"author":[{"embeddable":true,"href":"https:\/\/diariodigitalnea.com\/index.php\/wp-json\/wp\/v2\/users\/3"}],"replies":[{"embeddable":true,"href":"https:\/\/diariodigitalnea.com\/index.php\/wp-json\/wp\/v2\/comments?post=10503"}],"version-history":[{"count":1,"href":"https:\/\/diariodigitalnea.com\/index.php\/wp-json\/wp\/v2\/posts\/10503\/revisions"}],"predecessor-version":[{"id":10506,"href":"https:\/\/diariodigitalnea.com\/index.php\/wp-json\/wp\/v2\/posts\/10503\/revisions\/10506"}],"wp:featuredmedia":[{"embeddable":true,"href":"https:\/\/diariodigitalnea.com\/index.php\/wp-json\/wp\/v2\/media\/10504"}],"wp:attachment":[{"href":"https:\/\/diariodigitalnea.com\/index.php\/wp-json\/wp\/v2\/media?parent=10503"}],"wp:term":[{"taxonomy":"category","embeddable":true,"href":"https:\/\/diariodigitalnea.com\/index.php\/wp-json\/wp\/v2\/categories?post=10503"},{"taxonomy":"post_tag","embeddable":true,"href":"https:\/\/diariodigitalnea.com\/index.php\/wp-json\/wp\/v2\/tags?post=10503"}],"curies":[{"name":"wp","href":"https:\/\/api.w.org\/{rel}","templated":true}]}}