{"id":10456,"date":"2023-09-04T00:00:58","date_gmt":"2023-09-04T00:00:58","guid":{"rendered":"https:\/\/diariodigitalnea.com\/?p=10456"},"modified":"2023-09-04T03:00:00","modified_gmt":"2023-09-04T03:00:00","slug":"continuara-manana-la-busqueda-de-un-hombre-oriundo-de-salta-desaparecido-en-el-rio-bermejo","status":"publish","type":"post","link":"https:\/\/diariodigitalnea.com\/index.php\/2023\/09\/04\/continuara-manana-la-busqueda-de-un-hombre-oriundo-de-salta-desaparecido-en-el-rio-bermejo\/","title":{"rendered":"Contin\u00faa la b\u00fasqueda de un hombre, oriundo de Salta, desaparecido en el R\u00edo Bermejo"},"content":{"rendered":"\n<p>Personal de la Divisi\u00f3n Bomberos de Juan J. Castelli, empleados policiales y personal de Buzos T\u00e1cticos continuar\u00e1n ma\u00f1ana la b\u00fasqueda de un hombre que ingres\u00f3 en las aguas del R\u00edo Bermejo, en la localidad de El Sauzalito el d\u00eda s\u00e1bado y que aun este domingo continuarba sin aparecer.<\/p>\n\n\n\n<p>El hecho se registr\u00f3 en Paraje Fort\u00edn Belgrano, a 95 kil\u00f3metros de zona urbana, donde acampaba un grupo de 19 hombres, todos mayores de edad, oriundos de la capital salte\u00f1a. Alrededor de las &nbsp;18, uno de ellos, identificado como C\u00e9sar Manuel Estrada, de 53 a\u00f1os, se dirigi\u00f3 al r\u00edo para ba\u00f1arse, ingres\u00f3 al R\u00edo Bermejo y en un momento se hundi\u00f3 y no volvi\u00f3 a emerger.<\/p>\n\n\n\n<p>Por esta raz\u00f3n, los amigos solicitaron la intervenci\u00f3n policial, quienes tras ser alertados de este hecho comenzaron las tareas de b\u00fasqueda y rescate, arrojando resultados negativos en dicha tarea.<\/p>\n\n\n\n<p>Adem\u00e1s, se solicit\u00f3 la colaboraci\u00f3n a Divisi\u00f3n Bomberos de Juan J. Castelli, empleados policiales, quienes continuar\u00e1n ma\u00f1ana con la b\u00fasqueda de la persona desaparecida, ya que por razones de seguridad, se dio por finalizada la b\u00fasqueda. Tambi\u00e9n se contar\u00e1 con la presencia de personal de Buzos T\u00e1cticos.<\/p>\n","protected":false},"excerpt":{"rendered":"<p>Personal de la Divisi\u00f3n Bomberos de Juan J. Castelli, empleados policiales y personal de Buzos T\u00e1cticos continuar\u00e1n ma\u00f1ana la b\u00fasqueda de un hombre que ingres\u00f3 en las aguas del R\u00edo Bermejo, en la localidad de El Sauzalito el d\u00eda s\u00e1bado y que aun este domingo continuarba sin aparecer. El hecho se registr\u00f3 en Paraje Fort\u00edn [&hellip;]<\/p>\n","protected":false},"author":3,"featured_media":10457,"comment_status":"closed","ping_status":"closed","sticky":false,"template":"","format":"standard","meta":{"om_disable_all_campaigns":false,"_monsterinsights_skip_tracking":false,"_monsterinsights_sitenote_active":false,"_monsterinsights_sitenote_note":"","_monsterinsights_sitenote_category":0,"footnotes":""},"categories":[33,52],"tags":[3407,3408,628,1330],"class_list":["post-10456","post","type-post","status-publish","format-standard","has-post-thumbnail","hentry","category-chaco","category-policiales","tag-ahogado","tag-busqueda-de-persona","tag-desaparecido","tag-rio-bermejo"],"aioseo_notices":[],"amp_enabled":true,"_links":{"self":[{"href":"https:\/\/diariodigitalnea.com\/index.php\/wp-json\/wp\/v2\/posts\/10456","targetHints":{"allow":["GET"]}}],"collection":[{"href":"https:\/\/diariodigitalnea.com\/index.php\/wp-json\/wp\/v2\/posts"}],"about":[{"href":"https:\/\/diariodigitalnea.com\/index.php\/wp-json\/wp\/v2\/types\/post"}],"author":[{"embeddable":true,"href":"https:\/\/diariodigitalnea.com\/index.php\/wp-json\/wp\/v2\/users\/3"}],"replies":[{"embeddable":true,"href":"https:\/\/diariodigitalnea.com\/index.php\/wp-json\/wp\/v2\/comments?post=10456"}],"version-history":[{"count":2,"href":"https:\/\/diariodigitalnea.com\/index.php\/wp-json\/wp\/v2\/posts\/10456\/revisions"}],"predecessor-version":[{"id":10470,"href":"https:\/\/diariodigitalnea.com\/index.php\/wp-json\/wp\/v2\/posts\/10456\/revisions\/10470"}],"wp:featuredmedia":[{"embeddable":true,"href":"https:\/\/diariodigitalnea.com\/index.php\/wp-json\/wp\/v2\/media\/10457"}],"wp:attachment":[{"href":"https:\/\/diariodigitalnea.com\/index.php\/wp-json\/wp\/v2\/media?parent=10456"}],"wp:term":[{"taxonomy":"category","embeddable":true,"href":"https:\/\/diariodigitalnea.com\/index.php\/wp-json\/wp\/v2\/categories?post=10456"},{"taxonomy":"post_tag","embeddable":true,"href":"https:\/\/diariodigitalnea.com\/index.php\/wp-json\/wp\/v2\/tags?post=10456"}],"curies":[{"name":"wp","href":"https:\/\/api.w.org\/{rel}","templated":true}]}}