{"id":10430,"date":"2023-09-03T16:14:47","date_gmt":"2023-09-03T16:14:47","guid":{"rendered":"https:\/\/diariodigitalnea.com\/?p=10430"},"modified":"2023-09-03T16:14:48","modified_gmt":"2023-09-03T16:14:48","slug":"cuales-son-los-bienes-que-silvina-luna-le-dejo-a-su-hermano","status":"publish","type":"post","link":"https:\/\/diariodigitalnea.com\/index.php\/2023\/09\/03\/cuales-son-los-bienes-que-silvina-luna-le-dejo-a-su-hermano\/","title":{"rendered":"Cu\u00e1les son los bienes que Silvina Luna le dej\u00f3 a su hermano"},"content":{"rendered":"\n<p>Silvina Luna atraves\u00f3 meses complicados antes de su internaci\u00f3n y sus pron\u00f3stico no era alentador, a pesar de las ganas que ten\u00eda de seguir luchando.<\/p>\n\n\n\n<p>Tan es as\u00ed, que la modelo y actriz estableci\u00f3 de antemano c\u00f3mo repartir sus bienes. En Socios del espect\u00e1culo revelaron qu\u00e9 decisi\u00f3n tom\u00f3 antes de comenzar su internaci\u00f3n.<\/p>\n\n\n\n<p>\u00abTodos sus bienes, ella tiene dos o tres propiedades, ya ella en vida los tiene donados a su hermano Ezequiel. Dej\u00f3 preparado todo en vida por si a ella le pasaba algo, su hermano no tuviese que estar haciendo tr\u00e1mites ni nada burocr\u00e1tico. Dej\u00f3 todo listo al momento de irse\u201d, cont\u00f3 la periodista Paula Varela sobre los bienes de Silvina Luna.<\/p>\n\n\n\n<h2 class=\"wp-block-heading\">C\u00f3mo era la situaci\u00f3n econ\u00f3mica de Silvina Luna<\/h2>\n\n\n\n<p>\u00a0Silvina Luna ingres\u00f3 en el Hospital Italiano en junio pero antes de su internaci\u00f3n, la modelo comenz\u00f3 un proceso de di\u00e1lisis y de tratamientos por lo que debi\u00f3 dejar de trabajar.<\/p>\n\n\n\n<figure class=\"wp-block-image size-full\"><img fetchpriority=\"high\" decoding=\"async\" width=\"992\" height=\"992\" src=\"http:\/\/diariodigitalnea.com\/wp-content\/uploads\/2023\/09\/hermano.jpg\" alt=\"\" class=\"wp-image-10431\" srcset=\"https:\/\/diariodigitalnea.com\/wp-content\/uploads\/2023\/09\/hermano.jpg 992w, https:\/\/diariodigitalnea.com\/wp-content\/uploads\/2023\/09\/hermano-300x300.jpg 300w, https:\/\/diariodigitalnea.com\/wp-content\/uploads\/2023\/09\/hermano-150x150.jpg 150w, https:\/\/diariodigitalnea.com\/wp-content\/uploads\/2023\/09\/hermano-768x768.jpg 768w, https:\/\/diariodigitalnea.com\/wp-content\/uploads\/2023\/09\/hermano-200x200.jpg 200w\" sizes=\"(max-width: 992px) 100vw, 992px\" \/><\/figure>\n\n\n\n<p>En ese momento, cuando Silvina Luna luchaba por su vida revelaron c\u00f3mo era la situaci\u00f3n econ\u00f3mica. \u201cMe contaba alguien cercano a ella que tuvo que salir a alquilar el departamento que tiene en Puerto Madero y alquilar una cosa m\u00e1s chica en Las Ca\u00f1itas porque no estaba trabajando\u201d, contaron en Desayuno Americano.<\/p>\n","protected":false},"excerpt":{"rendered":"<p>Silvina Luna atraves\u00f3 meses complicados antes de su internaci\u00f3n y sus pron\u00f3stico no era alentador, a pesar de las ganas que ten\u00eda de seguir luchando. Tan es as\u00ed, que la modelo y actriz estableci\u00f3 de antemano c\u00f3mo repartir sus bienes. En Socios del espect\u00e1culo revelaron qu\u00e9 decisi\u00f3n tom\u00f3 antes de comenzar su internaci\u00f3n. \u00abTodos sus [&hellip;]<\/p>\n","protected":false},"author":3,"featured_media":10432,"comment_status":"closed","ping_status":"closed","sticky":false,"template":"","format":"standard","meta":{"om_disable_all_campaigns":false,"_monsterinsights_skip_tracking":false,"_monsterinsights_sitenote_active":false,"_monsterinsights_sitenote_note":"","_monsterinsights_sitenote_category":0,"footnotes":""},"categories":[7,2497],"tags":[3393,3394,3392,2250],"class_list":["post-10430","post","type-post","status-publish","format-standard","has-post-thumbnail","hentry","category-espectaculos","category-salud-informacion-general","tag-ezequiel-luna","tag-herencia","tag-hermano","tag-silvina-luna"],"aioseo_notices":[],"amp_enabled":true,"_links":{"self":[{"href":"https:\/\/diariodigitalnea.com\/index.php\/wp-json\/wp\/v2\/posts\/10430","targetHints":{"allow":["GET"]}}],"collection":[{"href":"https:\/\/diariodigitalnea.com\/index.php\/wp-json\/wp\/v2\/posts"}],"about":[{"href":"https:\/\/diariodigitalnea.com\/index.php\/wp-json\/wp\/v2\/types\/post"}],"author":[{"embeddable":true,"href":"https:\/\/diariodigitalnea.com\/index.php\/wp-json\/wp\/v2\/users\/3"}],"replies":[{"embeddable":true,"href":"https:\/\/diariodigitalnea.com\/index.php\/wp-json\/wp\/v2\/comments?post=10430"}],"version-history":[{"count":1,"href":"https:\/\/diariodigitalnea.com\/index.php\/wp-json\/wp\/v2\/posts\/10430\/revisions"}],"predecessor-version":[{"id":10433,"href":"https:\/\/diariodigitalnea.com\/index.php\/wp-json\/wp\/v2\/posts\/10430\/revisions\/10433"}],"wp:featuredmedia":[{"embeddable":true,"href":"https:\/\/diariodigitalnea.com\/index.php\/wp-json\/wp\/v2\/media\/10432"}],"wp:attachment":[{"href":"https:\/\/diariodigitalnea.com\/index.php\/wp-json\/wp\/v2\/media?parent=10430"}],"wp:term":[{"taxonomy":"category","embeddable":true,"href":"https:\/\/diariodigitalnea.com\/index.php\/wp-json\/wp\/v2\/categories?post=10430"},{"taxonomy":"post_tag","embeddable":true,"href":"https:\/\/diariodigitalnea.com\/index.php\/wp-json\/wp\/v2\/tags?post=10430"}],"curies":[{"name":"wp","href":"https:\/\/api.w.org\/{rel}","templated":true}]}}