{"id":10415,"date":"2023-09-01T14:41:53","date_gmt":"2023-09-01T14:41:53","guid":{"rendered":"https:\/\/diariodigitalnea.com\/?p=10415"},"modified":"2023-09-01T14:43:34","modified_gmt":"2023-09-01T14:43:34","slug":"defensoria-del-pueblo-continua-con-el-paro-van-10-dias-de-incertidumbre-y-sin-acuerdos","status":"publish","type":"post","link":"https:\/\/diariodigitalnea.com\/index.php\/2023\/09\/01\/defensoria-del-pueblo-continua-con-el-paro-van-10-dias-de-incertidumbre-y-sin-acuerdos\/","title":{"rendered":"Defensor\u00eda del pueblo contin\u00faa con el PARO: van 10 d\u00edas de\u00a0incertidumbre sin acuerdos"},"content":{"rendered":"\n<p>Los trabajadores y trabajadoras de la Defensor\u00eda del Pueblo del Chaco, contin\u00faan con la medida de fuerza de paro sin asistencia, decretada en asamblea el 18 de agosto.<\/p>\n\n\n\n<p><\/p>\n\n\n\n<p>El reclamo se reitera, en el reconocimiento de los Conceptos 202<strong>, <\/strong>ajuste por revisi\u00f3n(en los mismos t\u00e9rminos en que perciben los dem\u00e1s organismos constitucionales de contralor),Incompatibilidad, Adicional Remunerativo, Bonificaci\u00f3n por T\u00edtulo y Suma Fija.<\/p>\n\n\n\n<figure class=\"wp-block-image size-large\"><img fetchpriority=\"high\" decoding=\"async\" width=\"1024\" height=\"768\" src=\"https:\/\/diariodigitalnea.com\/wp-content\/uploads\/2023\/09\/WhatsApp-Image-2023-09-01-at-09.49.12-1024x768.jpeg\" alt=\"\" class=\"wp-image-10416\" srcset=\"https:\/\/diariodigitalnea.com\/wp-content\/uploads\/2023\/09\/WhatsApp-Image-2023-09-01-at-09.49.12-1024x768.jpeg 1024w, https:\/\/diariodigitalnea.com\/wp-content\/uploads\/2023\/09\/WhatsApp-Image-2023-09-01-at-09.49.12-300x225.jpeg 300w, https:\/\/diariodigitalnea.com\/wp-content\/uploads\/2023\/09\/WhatsApp-Image-2023-09-01-at-09.49.12-768x576.jpeg 768w, https:\/\/diariodigitalnea.com\/wp-content\/uploads\/2023\/09\/WhatsApp-Image-2023-09-01-at-09.49.12-1536x1152.jpeg 1536w, https:\/\/diariodigitalnea.com\/wp-content\/uploads\/2023\/09\/WhatsApp-Image-2023-09-01-at-09.49.12.jpeg 1600w\" sizes=\"(max-width: 1024px) 100vw, 1024px\" \/><\/figure>\n\n\n\n<p>El ofrecimiento inicial del Ministerio de Econom\u00eda a cargo de P\u00e9rez Pons representa el 5% de un solo concepto y desde ese punto de partida es imposible poder acordar o aproximase.<\/p>\n\n\n\n<p>Los empleados viven horas de angustia e incertidumbre, y ahora enmarcados en una verdadera discriminaci\u00f3n, cuando se pretende dar un incremento muy por debajo de lo que le corresponde por su naturaleza jur\u00eddica y esp\u00edritu con el que fue creado hace 11 a\u00f1os este Instituto por el Gobernador Capitanich.<\/p>\n\n\n\n<figure class=\"wp-block-image size-large\"><img decoding=\"async\" width=\"1024\" height=\"513\" src=\"http:\/\/diariodigitalnea.com\/wp-content\/uploads\/2023\/05\/ENCUENTRO-IG-Verde-copy-1024x513.jpg\" alt=\"PUBLICIDAD\" class=\"wp-image-8132\" srcset=\"https:\/\/diariodigitalnea.com\/wp-content\/uploads\/2023\/05\/ENCUENTRO-IG-Verde-copy-1024x513.jpg 1024w, https:\/\/diariodigitalnea.com\/wp-content\/uploads\/2023\/05\/ENCUENTRO-IG-Verde-copy-300x150.jpg 300w, https:\/\/diariodigitalnea.com\/wp-content\/uploads\/2023\/05\/ENCUENTRO-IG-Verde-copy-768x385.jpg 768w, https:\/\/diariodigitalnea.com\/wp-content\/uploads\/2023\/05\/ENCUENTRO-IG-Verde-copy-1536x769.jpg 1536w, https:\/\/diariodigitalnea.com\/wp-content\/uploads\/2023\/05\/ENCUENTRO-IG-Verde-copy-2048x1026.jpg 2048w\" sizes=\"(max-width: 1024px) 100vw, 1024px\" \/><figcaption>Publicidad: Encuentro Tienda de Bebidas, Chile 190 Local 4 \u2013 Tel: 3624386655 &#8211; Gral San Mart\u00edn<\/figcaption><\/figure>\n\n\n\n<p>Con la Defensor\u00eda- con sede en Santa Fe 328- cerrada, los 25 empleados que atienden a diario cuestiones de salud, discapacidad, servicios p\u00fablicos, genero, transporte, educaci\u00f3n, etc. en toda la provincia solicitan el acompa\u00f1amiento de todos los ciudadanos, y lamentan esta medida, que ser\u00e1 levantada cuando se concreten los reconocimientos a los reclamos que lleva a\u00f1os.<\/p>\n\n\n\n<p>Asimismo, reiteran el pedido de audiencia con Gobernador o su intervenci\u00f3n directa que ponga en funcionamiento en condiciones dignas e iguales a este organismo que es un puente entre la ciudadan\u00eda y el estado<\/p>\n\n\n\n<figure class=\"wp-block-image size-large\"><img decoding=\"async\" width=\"1024\" height=\"446\" src=\"http:\/\/diariodigitalnea.com\/wp-content\/uploads\/2023\/05\/CONSTRUCAL-CON-FABRICA-2-1024x446.jpg\" alt=\"publicidad Construcal 2\" class=\"wp-image-8211\" srcset=\"https:\/\/diariodigitalnea.com\/wp-content\/uploads\/2023\/05\/CONSTRUCAL-CON-FABRICA-2-1024x446.jpg 1024w, https:\/\/diariodigitalnea.com\/wp-content\/uploads\/2023\/05\/CONSTRUCAL-CON-FABRICA-2-300x131.jpg 300w, https:\/\/diariodigitalnea.com\/wp-content\/uploads\/2023\/05\/CONSTRUCAL-CON-FABRICA-2-768x334.jpg 768w, https:\/\/diariodigitalnea.com\/wp-content\/uploads\/2023\/05\/CONSTRUCAL-CON-FABRICA-2-1536x669.jpg 1536w, https:\/\/diariodigitalnea.com\/wp-content\/uploads\/2023\/05\/CONSTRUCAL-CON-FABRICA-2-2048x892.jpg 2048w\" sizes=\"(max-width: 1024px) 100vw, 1024px\" \/><figcaption>Publicidad: ConstruCal Cales hidratas y vivas para uso vial y construcci\u00f3n TEL: 3624602737\n<\/figcaption><\/figure>\n","protected":false},"excerpt":{"rendered":"<p>Los trabajadores y trabajadoras de la Defensor\u00eda del Pueblo del Chaco, contin\u00faan con la medida de fuerza de paro sin asistencia, decretada en asamblea el 18 de agosto. El reclamo se reitera, en el reconocimiento de los Conceptos 202, ajuste por revisi\u00f3n(en los mismos t\u00e9rminos en que perciben los dem\u00e1s organismos constitucionales de contralor),Incompatibilidad, Adicional [&hellip;]<\/p>\n","protected":false},"author":4,"featured_media":10417,"comment_status":"closed","ping_status":"closed","sticky":false,"template":"","format":"standard","meta":{"om_disable_all_campaigns":false,"_monsterinsights_skip_tracking":false,"_monsterinsights_sitenote_active":false,"_monsterinsights_sitenote_note":"","_monsterinsights_sitenote_category":0,"footnotes":""},"categories":[5,4],"tags":[74,1522],"class_list":["post-10415","post","type-post","status-publish","format-standard","has-post-thumbnail","hentry","category-economia","category-politica","tag-chaco","tag-defensoria-del-pueblo"],"aioseo_notices":[],"amp_enabled":true,"_links":{"self":[{"href":"https:\/\/diariodigitalnea.com\/index.php\/wp-json\/wp\/v2\/posts\/10415","targetHints":{"allow":["GET"]}}],"collection":[{"href":"https:\/\/diariodigitalnea.com\/index.php\/wp-json\/wp\/v2\/posts"}],"about":[{"href":"https:\/\/diariodigitalnea.com\/index.php\/wp-json\/wp\/v2\/types\/post"}],"author":[{"embeddable":true,"href":"https:\/\/diariodigitalnea.com\/index.php\/wp-json\/wp\/v2\/users\/4"}],"replies":[{"embeddable":true,"href":"https:\/\/diariodigitalnea.com\/index.php\/wp-json\/wp\/v2\/comments?post=10415"}],"version-history":[{"count":2,"href":"https:\/\/diariodigitalnea.com\/index.php\/wp-json\/wp\/v2\/posts\/10415\/revisions"}],"predecessor-version":[{"id":10419,"href":"https:\/\/diariodigitalnea.com\/index.php\/wp-json\/wp\/v2\/posts\/10415\/revisions\/10419"}],"wp:featuredmedia":[{"embeddable":true,"href":"https:\/\/diariodigitalnea.com\/index.php\/wp-json\/wp\/v2\/media\/10417"}],"wp:attachment":[{"href":"https:\/\/diariodigitalnea.com\/index.php\/wp-json\/wp\/v2\/media?parent=10415"}],"wp:term":[{"taxonomy":"category","embeddable":true,"href":"https:\/\/diariodigitalnea.com\/index.php\/wp-json\/wp\/v2\/categories?post=10415"},{"taxonomy":"post_tag","embeddable":true,"href":"https:\/\/diariodigitalnea.com\/index.php\/wp-json\/wp\/v2\/tags?post=10415"}],"curies":[{"name":"wp","href":"https:\/\/api.w.org\/{rel}","templated":true}]}}