{"id":10376,"date":"2023-08-31T16:40:04","date_gmt":"2023-08-31T16:40:04","guid":{"rendered":"https:\/\/diariodigitalnea.com\/?p=10376"},"modified":"2023-08-31T16:48:18","modified_gmt":"2023-08-31T16:48:18","slug":"con-el-chaqueno-walter-benitez-scaloni-dio-la-lista-para-la-primera-ventana-de-eliminatorias","status":"publish","type":"post","link":"https:\/\/diariodigitalnea.com\/index.php\/2023\/08\/31\/con-el-chaqueno-walter-benitez-scaloni-dio-la-lista-para-la-primera-ventana-de-eliminatorias\/","title":{"rendered":"El chaque\u00f1o Walter Ben\u00edtez, en la lista que dio Scaloni para la primera ventana de Eliminatorias"},"content":{"rendered":"\n<p>Argentina enfrentar\u00e1 el 7 de septiembre a Ecuador y el martes 12 a Bolivia.<\/p>\n\n\n\n<p><br>El director del seleccionado argentino, Lionel Scaloni, convoc\u00f3 este jueves a 32 futbolistas para el inicio de las Eliminatorias Sudamericanas para el Mundial 2026, que como es habitual tiene dos fechas, la primera ser\u00e1 ante Ecuador en el estadio de River Plate el jueves 7 de septiembre desde las 21 y el martes 12 el combinado albiceleste visitar\u00e1 a Bolivia, encuentro que se jugar\u00e1 desde las 17. Se trata de una n\u00f3mina amplia en la que vuelve aparecer el arquero chaque\u00f1o Walter Ben\u00edtez.<\/p>\n\n\n\n<figure class=\"wp-block-gallery has-nested-images columns-default is-cropped wp-block-gallery-1 is-layout-flex wp-block-gallery-is-layout-flex\">\n<figure class=\"wp-block-image size-large\"><img fetchpriority=\"high\" decoding=\"async\" width=\"1024\" height=\"687\" data-id=\"10385\" src=\"https:\/\/diariodigitalnea.com\/wp-content\/uploads\/2023\/08\/walter-1024x687.jpg\" alt=\"\" class=\"wp-image-10385\" srcset=\"https:\/\/diariodigitalnea.com\/wp-content\/uploads\/2023\/08\/walter-1024x687.jpg 1024w, https:\/\/diariodigitalnea.com\/wp-content\/uploads\/2023\/08\/walter-300x201.jpg 300w, https:\/\/diariodigitalnea.com\/wp-content\/uploads\/2023\/08\/walter-768x515.jpg 768w, https:\/\/diariodigitalnea.com\/wp-content\/uploads\/2023\/08\/walter.jpg 1300w\" sizes=\"(max-width: 1024px) 100vw, 1024px\" \/><\/figure>\n\n\n\n<figure class=\"wp-block-image size-large\"><img decoding=\"async\" width=\"1024\" height=\"695\" data-id=\"10383\" src=\"https:\/\/diariodigitalnea.com\/wp-content\/uploads\/2023\/08\/walter2-1024x695.jpg\" alt=\"\" class=\"wp-image-10383\" srcset=\"https:\/\/diariodigitalnea.com\/wp-content\/uploads\/2023\/08\/walter2-1024x695.jpg 1024w, https:\/\/diariodigitalnea.com\/wp-content\/uploads\/2023\/08\/walter2-300x204.jpg 300w, https:\/\/diariodigitalnea.com\/wp-content\/uploads\/2023\/08\/walter2-768x521.jpg 768w, https:\/\/diariodigitalnea.com\/wp-content\/uploads\/2023\/08\/walter2.jpg 1359w\" sizes=\"(max-width: 1024px) 100vw, 1024px\" \/><\/figure>\n\n\n\n<figure class=\"wp-block-image size-large\"><img decoding=\"async\" width=\"1024\" height=\"636\" data-id=\"10384\" src=\"https:\/\/diariodigitalnea.com\/wp-content\/uploads\/2023\/08\/walter5-1024x636.jpg\" alt=\"\" class=\"wp-image-10384\" srcset=\"https:\/\/diariodigitalnea.com\/wp-content\/uploads\/2023\/08\/walter5-1024x636.jpg 1024w, https:\/\/diariodigitalnea.com\/wp-content\/uploads\/2023\/08\/walter5-300x186.jpg 300w, https:\/\/diariodigitalnea.com\/wp-content\/uploads\/2023\/08\/walter5-768x477.jpg 768w, https:\/\/diariodigitalnea.com\/wp-content\/uploads\/2023\/08\/walter5.jpg 1196w\" sizes=\"(max-width: 1024px) 100vw, 1024px\" \/><\/figure>\n<\/figure>\n\n\n\n<p><br>Los jugadores citados son los siguientes: Arqueros: Emiliano Mart\u00ednez (Aston Villa, Inglaterra), Juan Musso (Atalanta, Italia), Walter Ben\u00edtez (PSV Eindhoven, Pa\u00edses Bajos) y Franco Armani (River Plate). Defensores: Gonzalo Montiel (Nottingham Forest, Inglaterra), Nahuel Molina (Atl\u00e9tico de Madrid, Espa\u00f1a), Germ\u00e1n Pezzella (Betis, Espa\u00f1a), Cristian Romero (Tottenham Hotspur, Inglaterra), Nicol\u00e1s Otamendi (Benfica, Portugal), Marcos Senesi (Bournemouth, Inglaterra), Lisandro Mart\u00ednez (Manchester United, Inglaterra), Juan Foyth (Villarreal, Espa\u00f1a), Nicol\u00e1s Tagliafico (Olympique de Lyon, Francia) y Lucas Esquivel (Athletico Paranaense, Brasil).<\/p>\n\n\n\n<figure class=\"wp-block-image size-large\"><img loading=\"lazy\" decoding=\"async\" width=\"1024\" height=\"513\" src=\"http:\/\/diariodigitalnea.com\/wp-content\/uploads\/2023\/05\/ENCUENTRO-IG-Verde-copy-1024x513.jpg\" alt=\"PUBLICIDAD\" class=\"wp-image-8132\" srcset=\"https:\/\/diariodigitalnea.com\/wp-content\/uploads\/2023\/05\/ENCUENTRO-IG-Verde-copy-1024x513.jpg 1024w, https:\/\/diariodigitalnea.com\/wp-content\/uploads\/2023\/05\/ENCUENTRO-IG-Verde-copy-300x150.jpg 300w, https:\/\/diariodigitalnea.com\/wp-content\/uploads\/2023\/05\/ENCUENTRO-IG-Verde-copy-768x385.jpg 768w, https:\/\/diariodigitalnea.com\/wp-content\/uploads\/2023\/05\/ENCUENTRO-IG-Verde-copy-1536x769.jpg 1536w, https:\/\/diariodigitalnea.com\/wp-content\/uploads\/2023\/05\/ENCUENTRO-IG-Verde-copy-2048x1026.jpg 2048w\" sizes=\"(max-width: 1024px) 100vw, 1024px\" \/><figcaption>Publicidad: Encuentro Tienda de Bebidas, Chile 190 Local 4 \u2013 Tel: 3624386655 &#8211; Gral San Mart\u00edn<\/figcaption><\/figure>\n\n\n\n<p>Mediocampistas: Leandro Paredes (Roma, Italia), Rodrigo De Paul (Atl\u00e9tico de Madrid), Guido Rodr\u00edguez (Betis), Facundo Bounanotte (Brighton, Inglaterra), Enzo Fern\u00e1ndez (Chelsea, Inglaterra), Alexis Mac Allister (Liverpool, Inglaterra), Exequiel Palacios (Bayer Leverkusen, Alemania) y Bruno Zapelli (Athletico Paranaense, Brasil). Delanteros: Lucas Beltr\u00e1n (Fiorentina, Italia), Nicol\u00e1s Gonz\u00e1lez (Fiorentina), \u00c1ngel Correa (Atl\u00e9tico de Madrid), Lautaro Mart\u00ednez (Inter, Italia), Juli\u00e1n \u00c1lvarez (Manchester City, Inglaterra), Alejandro Garnacho (Manchester United, Inglaterra), \u00c1ngel Di Mar\u00eda (Benfica), Lionel Messi (Inter Miami, Estados Unidos), Alan Velasco (Dallas, Estados Unidos) y Thiago Almada (Atlanta United, Estados Unidos).<\/p>\n\n\n\n<figure class=\"wp-block-image size-large\"><img loading=\"lazy\" decoding=\"async\" width=\"1024\" height=\"446\" src=\"http:\/\/diariodigitalnea.com\/wp-content\/uploads\/2023\/05\/CONSTRUCAL-CON-FABRICA-2-1024x446.jpg\" alt=\"publicidad Construcal 2\" class=\"wp-image-8211\" srcset=\"https:\/\/diariodigitalnea.com\/wp-content\/uploads\/2023\/05\/CONSTRUCAL-CON-FABRICA-2-1024x446.jpg 1024w, https:\/\/diariodigitalnea.com\/wp-content\/uploads\/2023\/05\/CONSTRUCAL-CON-FABRICA-2-300x131.jpg 300w, https:\/\/diariodigitalnea.com\/wp-content\/uploads\/2023\/05\/CONSTRUCAL-CON-FABRICA-2-768x334.jpg 768w, https:\/\/diariodigitalnea.com\/wp-content\/uploads\/2023\/05\/CONSTRUCAL-CON-FABRICA-2-1536x669.jpg 1536w, https:\/\/diariodigitalnea.com\/wp-content\/uploads\/2023\/05\/CONSTRUCAL-CON-FABRICA-2-2048x892.jpg 2048w\" sizes=\"(max-width: 1024px) 100vw, 1024px\" \/><figcaption>Publicidad: ConstruCal Cales hidratas y vivas para uso vial y construcci\u00f3n TEL: 3624602737\n<\/figcaption><\/figure>\n","protected":false},"excerpt":{"rendered":"<p>Argentina enfrentar\u00e1 el 7 de septiembre a Ecuador y el martes 12 a Bolivia. El director del seleccionado argentino, Lionel Scaloni, convoc\u00f3 este jueves a 32 futbolistas para el inicio de las Eliminatorias Sudamericanas para el Mundial 2026, que como es habitual tiene dos fechas, la primera ser\u00e1 ante Ecuador en el estadio de River [&hellip;]<\/p>\n","protected":false},"author":4,"featured_media":10394,"comment_status":"closed","ping_status":"closed","sticky":false,"template":"","format":"standard","meta":{"om_disable_all_campaigns":false,"_monsterinsights_skip_tracking":false,"_monsterinsights_sitenote_active":false,"_monsterinsights_sitenote_note":"","_monsterinsights_sitenote_category":0,"footnotes":""},"categories":[6,90],"tags":[2932,241,189],"class_list":["post-10376","post","type-post","status-publish","format-standard","has-post-thumbnail","hentry","category-deporte","category-nacionales","tag-scaloni","tag-seleccion-argentina","tag-walter-benitez"],"aioseo_notices":[],"amp_enabled":true,"_links":{"self":[{"href":"https:\/\/diariodigitalnea.com\/index.php\/wp-json\/wp\/v2\/posts\/10376","targetHints":{"allow":["GET"]}}],"collection":[{"href":"https:\/\/diariodigitalnea.com\/index.php\/wp-json\/wp\/v2\/posts"}],"about":[{"href":"https:\/\/diariodigitalnea.com\/index.php\/wp-json\/wp\/v2\/types\/post"}],"author":[{"embeddable":true,"href":"https:\/\/diariodigitalnea.com\/index.php\/wp-json\/wp\/v2\/users\/4"}],"replies":[{"embeddable":true,"href":"https:\/\/diariodigitalnea.com\/index.php\/wp-json\/wp\/v2\/comments?post=10376"}],"version-history":[{"count":2,"href":"https:\/\/diariodigitalnea.com\/index.php\/wp-json\/wp\/v2\/posts\/10376\/revisions"}],"predecessor-version":[{"id":10390,"href":"https:\/\/diariodigitalnea.com\/index.php\/wp-json\/wp\/v2\/posts\/10376\/revisions\/10390"}],"wp:featuredmedia":[{"embeddable":true,"href":"https:\/\/diariodigitalnea.com\/index.php\/wp-json\/wp\/v2\/media\/10394"}],"wp:attachment":[{"href":"https:\/\/diariodigitalnea.com\/index.php\/wp-json\/wp\/v2\/media?parent=10376"}],"wp:term":[{"taxonomy":"category","embeddable":true,"href":"https:\/\/diariodigitalnea.com\/index.php\/wp-json\/wp\/v2\/categories?post=10376"},{"taxonomy":"post_tag","embeddable":true,"href":"https:\/\/diariodigitalnea.com\/index.php\/wp-json\/wp\/v2\/tags?post=10376"}],"curies":[{"name":"wp","href":"https:\/\/api.w.org\/{rel}","templated":true}]}}