{"id":10317,"date":"2023-08-28T00:39:08","date_gmt":"2023-08-28T00:39:08","guid":{"rendered":"https:\/\/diariodigitalnea.com\/?p=10317"},"modified":"2023-08-28T01:38:48","modified_gmt":"2023-08-28T01:38:48","slug":"vecinos-detuvieron-y-ataron-a-un-ladron-luego-lo-entregaron-a-la-policia","status":"publish","type":"post","link":"https:\/\/diariodigitalnea.com\/index.php\/2023\/08\/28\/vecinos-detuvieron-y-ataron-a-un-ladron-luego-lo-entregaron-a-la-policia\/","title":{"rendered":"Vecinos detuvieron y ataron a un ladr\u00f3n, luego lo entregaron a la polic\u00eda"},"content":{"rendered":"\n<p>Habitantes del barrio \u00c1ngel de la Guarda atraparon a un joven de 22 a\u00f1os que hab\u00eda robado elementos de un cami\u00f3n ubicado en Acceso Norte de la Ruta Nacional 11 y 16.<\/p>\n\n\n\n<p><br>Este domingo por la madrugada dos ladrones robaron una lona y un est\u00e9reo de un cami\u00f3n ubicado en la rotonda del Acceso Norte de la Ruta Nacional 11 y 16. La Polic\u00eda demor\u00f3 a uno de los responsables, quien fue liberado unas horas m\u00e1s tarde del suceso.<\/p>\n\n\n\n<figure class=\"wp-block-video\"><video controls src=\"https:\/\/diariodigitalnea.com\/wp-content\/uploads\/2023\/08\/WhatsApp-Video-2023-08-27-at-15.01.05.mp4\"><\/video><\/figure>\n\n\n\n<p>Frente a esto, uno de los damnificados denunci\u00f3 que el joven de 22 a\u00f1os, acusado de robo, ofrec\u00eda la lona y el est\u00e9reo que le hab\u00edan robado en el barrio \u00c1ngel de la Guarda. Seg\u00fan la Polic\u00eda, la primera hab\u00eda sido secuestrada por ellos al momento de la detenci\u00f3n.<\/p>\n\n\n\n<figure class=\"wp-block-image size-large\"><img fetchpriority=\"high\" decoding=\"async\" width=\"1024\" height=\"513\" src=\"http:\/\/diariodigitalnea.com\/wp-content\/uploads\/2023\/05\/ENCUENTRO-IG-Verde-copy-1024x513.jpg\" alt=\"PUBLICIDAD\" class=\"wp-image-8132\" srcset=\"https:\/\/diariodigitalnea.com\/wp-content\/uploads\/2023\/05\/ENCUENTRO-IG-Verde-copy-1024x513.jpg 1024w, https:\/\/diariodigitalnea.com\/wp-content\/uploads\/2023\/05\/ENCUENTRO-IG-Verde-copy-300x150.jpg 300w, https:\/\/diariodigitalnea.com\/wp-content\/uploads\/2023\/05\/ENCUENTRO-IG-Verde-copy-768x385.jpg 768w, https:\/\/diariodigitalnea.com\/wp-content\/uploads\/2023\/05\/ENCUENTRO-IG-Verde-copy-1536x769.jpg 1536w, https:\/\/diariodigitalnea.com\/wp-content\/uploads\/2023\/05\/ENCUENTRO-IG-Verde-copy-2048x1026.jpg 2048w\" sizes=\"(max-width: 1024px) 100vw, 1024px\" \/><figcaption>Publicidad: Encuentro Tienda de Bebidas, Chile 190 Local 4 \u2013 Tel: 3624386655 &#8211; Gral San Mart\u00edn<\/figcaption><\/figure>\n\n\n\n<p>El personal policial detiene al sujeto, secuestra el elemento robado que ten\u00eda en su poder y traslada al joven a la unidad donde fue notificado bajo la causa \u00abSupuesto Robo\u00bb. La v\u00edctima logr\u00f3 recuperar sus bienes.<\/p>\n\n\n\n<p><br><strong>JUSTICIA VECINAL<br><\/strong>En las \u00faltimas horas de este domingo se dio a conocer videos en donde se ve que los vecinos del barrio detuvieron al delincuente, a quien ataron y patearon entre insultos y agresiones.<\/p>\n\n\n\n<p><br>Cuando el personal policial lleg\u00f3 cerca de las 9.40, se pudo ver a trav\u00e9s de las grabaciones como los habitantes de esa zona arrojaron al ladr\u00f3n de 22 a\u00f1os a la caja del patrullero maniatado.<\/p>\n\n\n\n<figure class=\"wp-block-image size-large\"><img decoding=\"async\" width=\"1024\" height=\"446\" src=\"http:\/\/diariodigitalnea.com\/wp-content\/uploads\/2023\/05\/CONSTRUCAL-CON-FABRICA-2-1024x446.jpg\" alt=\"publicidad Construcal 2\" class=\"wp-image-8211\" srcset=\"https:\/\/diariodigitalnea.com\/wp-content\/uploads\/2023\/05\/CONSTRUCAL-CON-FABRICA-2-1024x446.jpg 1024w, https:\/\/diariodigitalnea.com\/wp-content\/uploads\/2023\/05\/CONSTRUCAL-CON-FABRICA-2-300x131.jpg 300w, https:\/\/diariodigitalnea.com\/wp-content\/uploads\/2023\/05\/CONSTRUCAL-CON-FABRICA-2-768x334.jpg 768w, https:\/\/diariodigitalnea.com\/wp-content\/uploads\/2023\/05\/CONSTRUCAL-CON-FABRICA-2-1536x669.jpg 1536w, https:\/\/diariodigitalnea.com\/wp-content\/uploads\/2023\/05\/CONSTRUCAL-CON-FABRICA-2-2048x892.jpg 2048w\" sizes=\"(max-width: 1024px) 100vw, 1024px\" \/><figcaption>Publicidad: ConstruCal Cales hidratas y vivas para uso vial y construcci\u00f3n TEL: 3624602737\n<\/figcaption><\/figure>\n","protected":false},"excerpt":{"rendered":"<p>Habitantes del barrio \u00c1ngel de la Guarda atraparon a un joven de 22 a\u00f1os que hab\u00eda robado elementos de un cami\u00f3n ubicado en Acceso Norte de la Ruta Nacional 11 y 16. Este domingo por la madrugada dos ladrones robaron una lona y un est\u00e9reo de un cami\u00f3n ubicado en la rotonda del Acceso Norte [&hellip;]<\/p>\n","protected":false},"author":4,"featured_media":10319,"comment_status":"closed","ping_status":"closed","sticky":false,"template":"","format":"standard","meta":{"om_disable_all_campaigns":false,"_monsterinsights_skip_tracking":false,"_monsterinsights_sitenote_active":false,"_monsterinsights_sitenote_note":"","_monsterinsights_sitenote_category":0,"footnotes":""},"categories":[33,2799,52],"tags":[3374,176,2977],"class_list":["post-10317","post","type-post","status-publish","format-standard","has-post-thumbnail","hentry","category-chaco","category-mas-leidas","category-policiales","tag-ataron-a-un-ladron","tag-policia","tag-vecinos"],"aioseo_notices":[],"amp_enabled":true,"_links":{"self":[{"href":"https:\/\/diariodigitalnea.com\/index.php\/wp-json\/wp\/v2\/posts\/10317","targetHints":{"allow":["GET"]}}],"collection":[{"href":"https:\/\/diariodigitalnea.com\/index.php\/wp-json\/wp\/v2\/posts"}],"about":[{"href":"https:\/\/diariodigitalnea.com\/index.php\/wp-json\/wp\/v2\/types\/post"}],"author":[{"embeddable":true,"href":"https:\/\/diariodigitalnea.com\/index.php\/wp-json\/wp\/v2\/users\/4"}],"replies":[{"embeddable":true,"href":"https:\/\/diariodigitalnea.com\/index.php\/wp-json\/wp\/v2\/comments?post=10317"}],"version-history":[{"count":1,"href":"https:\/\/diariodigitalnea.com\/index.php\/wp-json\/wp\/v2\/posts\/10317\/revisions"}],"predecessor-version":[{"id":10320,"href":"https:\/\/diariodigitalnea.com\/index.php\/wp-json\/wp\/v2\/posts\/10317\/revisions\/10320"}],"wp:featuredmedia":[{"embeddable":true,"href":"https:\/\/diariodigitalnea.com\/index.php\/wp-json\/wp\/v2\/media\/10319"}],"wp:attachment":[{"href":"https:\/\/diariodigitalnea.com\/index.php\/wp-json\/wp\/v2\/media?parent=10317"}],"wp:term":[{"taxonomy":"category","embeddable":true,"href":"https:\/\/diariodigitalnea.com\/index.php\/wp-json\/wp\/v2\/categories?post=10317"},{"taxonomy":"post_tag","embeddable":true,"href":"https:\/\/diariodigitalnea.com\/index.php\/wp-json\/wp\/v2\/tags?post=10317"}],"curies":[{"name":"wp","href":"https:\/\/api.w.org\/{rel}","templated":true}]}}