{"id":10302,"date":"2023-08-27T16:35:41","date_gmt":"2023-08-27T16:35:41","guid":{"rendered":"https:\/\/diariodigitalnea.com\/?p=10302"},"modified":"2023-08-27T16:36:21","modified_gmt":"2023-08-27T16:36:21","slug":"con-el-acto-de-izamiento-misa-y-una-procesion-resistencia-rindio-homenaje-a-su-patrono-san-fernando-rey","status":"publish","type":"post","link":"https:\/\/diariodigitalnea.com\/index.php\/2023\/08\/27\/con-el-acto-de-izamiento-misa-y-una-procesion-resistencia-rindio-homenaje-a-su-patrono-san-fernando-rey\/","title":{"rendered":"Con el acto de izamiento, misa y una procesi\u00f3n, Resistencia rindi\u00f3 homenaje a su patrono San Fernando Rey"},"content":{"rendered":"\n<p><\/p>\n\n\n\n<p>El intendente de Resistencia, Gustavo Mart\u00ednez, encabez\u00f3 la ceremonia en homenaje a San Fernando Rey, patrono de Resistencia, que se celebr\u00f3 este domingo 27 de agosto.<\/p>\n\n\n\n<p>Con gran emoci\u00f3n y participaci\u00f3n de la comunidad capitalina, el acto se inici\u00f3 con el izamiento de la Bandera Nacional en el M\u00e1stil Mayor de la Ciudad, del cual tomaron parte el intendente junto a la ministra del Superior Tribunal de Justicia, Isabel Iride de Grillo y miembros del Gabinete Municipal.<\/p>\n\n\n\n<p>La Banda Municipal de M\u00fasica \u201cLuis Omobono Gusberti\u201d, acompa\u00f1\u00f3 el festejo a trav\u00e9s del Himno Nacional Argentino y a su t\u00e9rmino hubo ofrendas florales, tanto en el M\u00e1stil Mayor como en el atrio de la Iglesia Catedral, del cual participaron autoridades provinciales, municipales, eclesi\u00e1sticas, invitados especiales y p\u00fablico en general.<\/p>\n\n\n\n<figure class=\"wp-block-image size-large\"><img fetchpriority=\"high\" decoding=\"async\" width=\"1024\" height=\"845\" src=\"http:\/\/diariodigitalnea.com\/wp-content\/uploads\/2023\/08\/SAN-FERNANDO-1-1024x845.jpg\" alt=\"\" class=\"wp-image-10303\" srcset=\"https:\/\/diariodigitalnea.com\/wp-content\/uploads\/2023\/08\/SAN-FERNANDO-1-1024x845.jpg 1024w, https:\/\/diariodigitalnea.com\/wp-content\/uploads\/2023\/08\/SAN-FERNANDO-1-300x248.jpg 300w, https:\/\/diariodigitalnea.com\/wp-content\/uploads\/2023\/08\/SAN-FERNANDO-1-768x634.jpg 768w, https:\/\/diariodigitalnea.com\/wp-content\/uploads\/2023\/08\/SAN-FERNANDO-1-1536x1267.jpg 1536w, https:\/\/diariodigitalnea.com\/wp-content\/uploads\/2023\/08\/SAN-FERNANDO-1-2048x1690.jpg 2048w\" sizes=\"(max-width: 1024px) 100vw, 1024px\" \/><figcaption>????????????????????????????????????<\/figcaption><\/figure>\n\n\n\n<p>Posteriormente, el Arzobispo de Resistencia, Monse\u00f1or Ram\u00f3n Dus, tuvo a su cargo la Santa Misa y, como corolario de los honores a San Fernando Rey, se llev\u00f3 a cabo la tradicional procesi\u00f3n alrededor de la Plaza 25 de Mayo, con el acompa\u00f1amiento de gran cantidad de vecinos y vecinos, que emocion\u00f3 a todos.<\/p>\n","protected":false},"excerpt":{"rendered":"<p>El intendente de Resistencia, Gustavo Mart\u00ednez, encabez\u00f3 la ceremonia en homenaje a San Fernando Rey, patrono de Resistencia, que se celebr\u00f3 este domingo 27 de agosto. Con gran emoci\u00f3n y participaci\u00f3n de la comunidad capitalina, el acto se inici\u00f3 con el izamiento de la Bandera Nacional en el M\u00e1stil Mayor de la Ciudad, del cual [&hellip;]<\/p>\n","protected":false},"author":3,"featured_media":10304,"comment_status":"closed","ping_status":"closed","sticky":false,"template":"","format":"standard","meta":{"om_disable_all_campaigns":false,"_monsterinsights_skip_tracking":false,"_monsterinsights_sitenote_active":false,"_monsterinsights_sitenote_note":"","_monsterinsights_sitenote_category":0,"footnotes":""},"categories":[33],"tags":[3368,59,988,3369,3367],"class_list":["post-10302","post","type-post","status-publish","format-standard","has-post-thumbnail","hentry","category-chaco","tag-acto-festivo","tag-gustavo-martinez","tag-misas","tag-procesion","tag-san-fernando-rey"],"aioseo_notices":[],"amp_enabled":true,"_links":{"self":[{"href":"https:\/\/diariodigitalnea.com\/index.php\/wp-json\/wp\/v2\/posts\/10302","targetHints":{"allow":["GET"]}}],"collection":[{"href":"https:\/\/diariodigitalnea.com\/index.php\/wp-json\/wp\/v2\/posts"}],"about":[{"href":"https:\/\/diariodigitalnea.com\/index.php\/wp-json\/wp\/v2\/types\/post"}],"author":[{"embeddable":true,"href":"https:\/\/diariodigitalnea.com\/index.php\/wp-json\/wp\/v2\/users\/3"}],"replies":[{"embeddable":true,"href":"https:\/\/diariodigitalnea.com\/index.php\/wp-json\/wp\/v2\/comments?post=10302"}],"version-history":[{"count":2,"href":"https:\/\/diariodigitalnea.com\/index.php\/wp-json\/wp\/v2\/posts\/10302\/revisions"}],"predecessor-version":[{"id":10306,"href":"https:\/\/diariodigitalnea.com\/index.php\/wp-json\/wp\/v2\/posts\/10302\/revisions\/10306"}],"wp:featuredmedia":[{"embeddable":true,"href":"https:\/\/diariodigitalnea.com\/index.php\/wp-json\/wp\/v2\/media\/10304"}],"wp:attachment":[{"href":"https:\/\/diariodigitalnea.com\/index.php\/wp-json\/wp\/v2\/media?parent=10302"}],"wp:term":[{"taxonomy":"category","embeddable":true,"href":"https:\/\/diariodigitalnea.com\/index.php\/wp-json\/wp\/v2\/categories?post=10302"},{"taxonomy":"post_tag","embeddable":true,"href":"https:\/\/diariodigitalnea.com\/index.php\/wp-json\/wp\/v2\/tags?post=10302"}],"curies":[{"name":"wp","href":"https:\/\/api.w.org\/{rel}","templated":true}]}}