{"id":10230,"date":"2023-08-24T13:31:30","date_gmt":"2023-08-24T13:31:30","guid":{"rendered":"https:\/\/diariodigitalnea.com\/?p=10230"},"modified":"2023-08-24T13:31:31","modified_gmt":"2023-08-24T13:31:31","slug":"desde-el-gobierno-manifestaron-que-reforzaron-las-tareas-preventivas-junto-a-todas-las-fuerzas-de-seguridad","status":"publish","type":"post","link":"https:\/\/diariodigitalnea.com\/index.php\/2023\/08\/24\/desde-el-gobierno-manifestaron-que-reforzaron-las-tareas-preventivas-junto-a-todas-las-fuerzas-de-seguridad\/","title":{"rendered":"Desde el Gobierno manifestaron que reforzaron las \u00abtareas preventivas\u00bb junto a todas las fuerzas de seguridad"},"content":{"rendered":"\n<p>El vocero oficial Juan Manuel Chapo ofreci\u00f3 este jueves su habitual conferencia de prensa, instancia en la que inform\u00f3 sobre distintos temas de actualidad y brind\u00f3 detalles sobre la agenda del gobernador para los pr\u00f3ximos d\u00edas.<\/p>\n\n\n\n<p><br>En este marco, el portavoz hizo menci\u00f3n a las acciones de car\u00e1cter preventivo que el gobierno despliega para garantizar la paz social y el normal desenvolvimiento de la actividad comercial.<\/p>\n\n\n\n<figure class=\"wp-block-image size-large\"><img fetchpriority=\"high\" decoding=\"async\" width=\"1024\" height=\"576\" src=\"https:\/\/diariodigitalnea.com\/wp-content\/uploads\/2023\/08\/WhatsApp-Image-2023-08-23-at-20.50.58-1024x576.jpeg\" alt=\"\" class=\"wp-image-10233\" srcset=\"https:\/\/diariodigitalnea.com\/wp-content\/uploads\/2023\/08\/WhatsApp-Image-2023-08-23-at-20.50.58-1024x576.jpeg 1024w, https:\/\/diariodigitalnea.com\/wp-content\/uploads\/2023\/08\/WhatsApp-Image-2023-08-23-at-20.50.58-300x169.jpeg 300w, https:\/\/diariodigitalnea.com\/wp-content\/uploads\/2023\/08\/WhatsApp-Image-2023-08-23-at-20.50.58-768x432.jpeg 768w, https:\/\/diariodigitalnea.com\/wp-content\/uploads\/2023\/08\/WhatsApp-Image-2023-08-23-at-20.50.58.jpeg 1320w\" sizes=\"(max-width: 1024px) 100vw, 1024px\" \/><\/figure>\n\n\n\n<p>Chapo dio detalles de la reuni\u00f3n mantenida el mi\u00e9rcoles por la noche con empresarios y representantes de distintas c\u00e1maras mercantiles y sectoriales a quienes inform\u00f3 sobre las tareas que se llevan adelante en cuanto a seguridad y prevenci\u00f3n.<\/p>\n\n\n\n<p><br>\u00abAnte situaciones que se dieron en algunas provincias del pa\u00eds nos parece importante llevar la m\u00e1s absoluta tranquilidad a la comunidad, dada cierta preocupaci\u00f3n que se fue generando\u00bb, se\u00f1al\u00f3.<\/p>\n\n\n\n<p><\/p>\n\n\n\n<p>El vocero remarc\u00f3 que en todo el Chaco no se registraron incidentes o casos de saqueo a comercios, y que malintencionadamente se intent\u00f3 conferir ese tono al robo sufrido por una helader\u00eda de Resistencia.<\/p>\n\n\n\n<figure class=\"wp-block-image size-large\"><img decoding=\"async\" width=\"1024\" height=\"682\" src=\"https:\/\/diariodigitalnea.com\/wp-content\/uploads\/2023\/08\/WhatsApp-Image-2023-08-18-at-15.12.41-1-1024x682.jpeg\" alt=\"\" class=\"wp-image-10231\" srcset=\"https:\/\/diariodigitalnea.com\/wp-content\/uploads\/2023\/08\/WhatsApp-Image-2023-08-18-at-15.12.41-1-1024x682.jpeg 1024w, https:\/\/diariodigitalnea.com\/wp-content\/uploads\/2023\/08\/WhatsApp-Image-2023-08-18-at-15.12.41-1-300x200.jpeg 300w, https:\/\/diariodigitalnea.com\/wp-content\/uploads\/2023\/08\/WhatsApp-Image-2023-08-18-at-15.12.41-1-768x512.jpeg 768w, https:\/\/diariodigitalnea.com\/wp-content\/uploads\/2023\/08\/WhatsApp-Image-2023-08-18-at-15.12.41-1-1536x1023.jpeg 1536w, https:\/\/diariodigitalnea.com\/wp-content\/uploads\/2023\/08\/WhatsApp-Image-2023-08-18-at-15.12.41-1-900x600.jpeg 900w, https:\/\/diariodigitalnea.com\/wp-content\/uploads\/2023\/08\/WhatsApp-Image-2023-08-18-at-15.12.41-1.jpeg 1600w\" sizes=\"(max-width: 1024px) 100vw, 1024px\" \/><\/figure>\n\n\n\n<p>\u00abDesde el gobierno provincial desestimamos rotundamente rumores esparcidos de manera irresponsable en las \u00faltimas horas; no han ocurrido en ning\u00fan punto de nuestra provincia hechos de caracter\u00edsticas como las que se busc\u00f3 malinformar\u00bb, se\u00f1al\u00f3.<\/p>\n\n\n\n<p><\/p>\n\n\n\n<p>\u00abSe intent\u00f3 ligar un hecho delictivo en una helader\u00eda de la capital que absolutamente nada tiene que ver con otro tipo de situaciones\u00bb, ratific\u00f3.<\/p>\n\n\n\n<p><\/p>\n\n\n\n<p>El portavoz ampli\u00f3 los detalles sobre el encuentro del mi\u00e9rcoles, del que participaron tambi\u00e9n el subsecretario de Planificaci\u00f3n en Seguridad y Justicia, Leandro \u00c1lvarez; jefes policiales; altos mandos de Gendarmer\u00eda Nacional; y representantes de la C\u00e1mara de Comercio de Resistencia, de la Federaci\u00f3n Econ\u00f3mica del Chaco, de la C\u00e1mara de Supermercados y de la C\u00e1mara de Distribuidores.<\/p>\n\n\n\n<p><\/p>\n\n\n\n<p>\u00abReforzamos las tareas preventivas junto con todas las fuerzas de seguridad en la provincia; estamos llevando tranquilidad a la sociedad en su conjunto para asegurar la paz social\u00bb, apunt\u00f3.<\/p>\n\n\n\n<figure class=\"wp-block-image size-large\"><img decoding=\"async\" width=\"1024\" height=\"513\" src=\"http:\/\/diariodigitalnea.com\/wp-content\/uploads\/2023\/05\/ENCUENTRO-IG-Verde-copy-1024x513.jpg\" alt=\"PUBLICIDAD\" class=\"wp-image-8132\" srcset=\"https:\/\/diariodigitalnea.com\/wp-content\/uploads\/2023\/05\/ENCUENTRO-IG-Verde-copy-1024x513.jpg 1024w, https:\/\/diariodigitalnea.com\/wp-content\/uploads\/2023\/05\/ENCUENTRO-IG-Verde-copy-300x150.jpg 300w, https:\/\/diariodigitalnea.com\/wp-content\/uploads\/2023\/05\/ENCUENTRO-IG-Verde-copy-768x385.jpg 768w, https:\/\/diariodigitalnea.com\/wp-content\/uploads\/2023\/05\/ENCUENTRO-IG-Verde-copy-1536x769.jpg 1536w, https:\/\/diariodigitalnea.com\/wp-content\/uploads\/2023\/05\/ENCUENTRO-IG-Verde-copy-2048x1026.jpg 2048w\" sizes=\"(max-width: 1024px) 100vw, 1024px\" \/><figcaption>Publicidad: Encuentro Tienda de Bebidas, Chile 190 Local 4 \u2013 Tel: 3624386655 &#8211; Gral San Mart\u00edn<\/figcaption><\/figure>\n\n\n\n<p><\/p>\n\n\n\n<p>El portavoz asegur\u00f3 que al fortalecimiento de la presencia policial en las calles mediante operativos de saturaci\u00f3n se suman acciones de ciberpatrullaje teniendo en cuenta que en algunos puntos del pa\u00eds se han detectado grupos organizados que a trav\u00e9s o desde las redes sociales movilizaron incidentes o ataques a comercios.<\/p>\n\n\n\n<p><\/p>\n\n\n\n<p>\u00abNo vamos a permitir la incitaci\u00f3n a la comisi\u00f3n de ning\u00fan tipo de delito de estas caracter\u00edsticas; queremos llevar la m\u00e1s profunda tranquilidad a la poblaci\u00f3n porque no hemos tenido en el Chaco episodios de esta naturaleza y tampoco amenazas de posibles hechos\u00bb, agreg\u00f3.<\/p>\n\n\n\n<p><\/p>\n\n\n\n<p>Por otra parte, Chapo anticip\u00f3 que a lo largo de este jueves se desarrollar\u00e1 una nueva reuni\u00f3n propiciada por el gobierno y que incluir\u00e1 a funcionarios provinciales, de la Justicia Federal y altos mandos de Gendarmer\u00eda y de las dem\u00e1s fuerzas de seguridad nacionales con asiento en el Chaco.<\/p>\n\n\n\n<figure class=\"wp-block-image size-large\"><img loading=\"lazy\" decoding=\"async\" width=\"1024\" height=\"446\" src=\"http:\/\/diariodigitalnea.com\/wp-content\/uploads\/2023\/05\/CONSTRUCAL-CON-FABRICA-2-1024x446.jpg\" alt=\"publicidad Construcal 2\" class=\"wp-image-8211\" srcset=\"https:\/\/diariodigitalnea.com\/wp-content\/uploads\/2023\/05\/CONSTRUCAL-CON-FABRICA-2-1024x446.jpg 1024w, https:\/\/diariodigitalnea.com\/wp-content\/uploads\/2023\/05\/CONSTRUCAL-CON-FABRICA-2-300x131.jpg 300w, https:\/\/diariodigitalnea.com\/wp-content\/uploads\/2023\/05\/CONSTRUCAL-CON-FABRICA-2-768x334.jpg 768w, https:\/\/diariodigitalnea.com\/wp-content\/uploads\/2023\/05\/CONSTRUCAL-CON-FABRICA-2-1536x669.jpg 1536w, https:\/\/diariodigitalnea.com\/wp-content\/uploads\/2023\/05\/CONSTRUCAL-CON-FABRICA-2-2048x892.jpg 2048w\" sizes=\"(max-width: 1024px) 100vw, 1024px\" \/><figcaption>Publicidad: ConstruCal Cales hidratas y vivas para uso vial y construcci\u00f3n TEL: 3624602737\n<\/figcaption><\/figure>\n","protected":false},"excerpt":{"rendered":"<p>El vocero oficial Juan Manuel Chapo ofreci\u00f3 este jueves su habitual conferencia de prensa, instancia en la que inform\u00f3 sobre distintos temas de actualidad y brind\u00f3 detalles sobre la agenda del gobernador para los pr\u00f3ximos d\u00edas. En este marco, el portavoz hizo menci\u00f3n a las acciones de car\u00e1cter preventivo que el gobierno despliega para garantizar [&hellip;]<\/p>\n","protected":false},"author":4,"featured_media":10232,"comment_status":"closed","ping_status":"closed","sticky":false,"template":"","format":"standard","meta":{"om_disable_all_campaigns":false,"_monsterinsights_skip_tracking":false,"_monsterinsights_sitenote_active":false,"_monsterinsights_sitenote_note":"","_monsterinsights_sitenote_category":0,"footnotes":""},"categories":[33,52],"tags":[3341,135],"class_list":["post-10230","post","type-post","status-publish","format-standard","has-post-thumbnail","hentry","category-chaco","category-policiales","tag-saqueos","tag-seguridad"],"aioseo_notices":[],"amp_enabled":true,"_links":{"self":[{"href":"https:\/\/diariodigitalnea.com\/index.php\/wp-json\/wp\/v2\/posts\/10230","targetHints":{"allow":["GET"]}}],"collection":[{"href":"https:\/\/diariodigitalnea.com\/index.php\/wp-json\/wp\/v2\/posts"}],"about":[{"href":"https:\/\/diariodigitalnea.com\/index.php\/wp-json\/wp\/v2\/types\/post"}],"author":[{"embeddable":true,"href":"https:\/\/diariodigitalnea.com\/index.php\/wp-json\/wp\/v2\/users\/4"}],"replies":[{"embeddable":true,"href":"https:\/\/diariodigitalnea.com\/index.php\/wp-json\/wp\/v2\/comments?post=10230"}],"version-history":[{"count":1,"href":"https:\/\/diariodigitalnea.com\/index.php\/wp-json\/wp\/v2\/posts\/10230\/revisions"}],"predecessor-version":[{"id":10234,"href":"https:\/\/diariodigitalnea.com\/index.php\/wp-json\/wp\/v2\/posts\/10230\/revisions\/10234"}],"wp:featuredmedia":[{"embeddable":true,"href":"https:\/\/diariodigitalnea.com\/index.php\/wp-json\/wp\/v2\/media\/10232"}],"wp:attachment":[{"href":"https:\/\/diariodigitalnea.com\/index.php\/wp-json\/wp\/v2\/media?parent=10230"}],"wp:term":[{"taxonomy":"category","embeddable":true,"href":"https:\/\/diariodigitalnea.com\/index.php\/wp-json\/wp\/v2\/categories?post=10230"},{"taxonomy":"post_tag","embeddable":true,"href":"https:\/\/diariodigitalnea.com\/index.php\/wp-json\/wp\/v2\/tags?post=10230"}],"curies":[{"name":"wp","href":"https:\/\/api.w.org\/{rel}","templated":true}]}}