{"id":10225,"date":"2023-08-24T12:33:09","date_gmt":"2023-08-24T12:33:09","guid":{"rendered":"https:\/\/diariodigitalnea.com\/?p=10225"},"modified":"2023-08-24T12:33:10","modified_gmt":"2023-08-24T12:33:10","slug":"martinez-recorrio-san-bernardo-y-afirmo-que-es-necesario-pensar-un-chaco-sin-privilegios-donde-no-gobiernan-los-piqueteros","status":"publish","type":"post","link":"https:\/\/diariodigitalnea.com\/index.php\/2023\/08\/24\/martinez-recorrio-san-bernardo-y-afirmo-que-es-necesario-pensar-un-chaco-sin-privilegios-donde-no-gobiernan-los-piqueteros\/","title":{"rendered":"Mart\u00ednez recorri\u00f3 San Bernardo y afirm\u00f3 que es necesario \u201cpensar un Chaco sin privilegios, donde no gobiernan los piqueteros\u201d"},"content":{"rendered":"\n<p>El Intendente de Resistencia, Gustavo Mart\u00ednez encabez\u00f3 la presentaci\u00f3n de una nueva casa de la Corriente de Expresi\u00f3n Renovada (CER) en San Bernardo, donde se reuni\u00f3 con candidatos, dirigentes, militantes y referentes del quehacer social y comercial de la localidad.<\/p>\n\n\n\n<p>Adem\u00e1s, dialog\u00f3 con vecinos y vecinas para escuchar sus necesidades y proyectar respuestas de cara a las pr\u00f3ximas elecciones generales para gobernador del Chaco que se realizar\u00e1n el 17 de septiembre.<\/p>\n\n\n\n<p>Estuvieron acompa\u00f1ando al candidato a gobernador, su compa\u00f1era de f\u00f3rmula, Viviam Polini; el candidato a diputado provincial, Ricardo S\u00e1nchez; el dirigente radical Carlos \u201cDordi\u201d Landriel; y el referente de la Corriente Mart\u00edn Fierro, N\u00e9stor Kitoff.<\/p>\n\n\n\n<p>Gustavo sostuvo que \u201cel Frente CER se est\u00e1 consolidando en todos los municipios del Chaco con muchos dirigentes de distintos sectores\u201d, y agreg\u00f3 que \u201cesto permite robustecer esta fuerza pol\u00edtica que nace como una alternativa para los chaque\u00f1os y chaque\u00f1as que tienen decidido cambiar la realidad de la provincia\u201d.<\/p>\n\n\n\n<figure class=\"wp-block-image size-large\"><img fetchpriority=\"high\" decoding=\"async\" width=\"1024\" height=\"682\" src=\"http:\/\/diariodigitalnea.com\/wp-content\/uploads\/2023\/08\/Gustavo-en-San-Bernardo-2-1024x682.jpg\" alt=\"\" class=\"wp-image-10227\" srcset=\"https:\/\/diariodigitalnea.com\/wp-content\/uploads\/2023\/08\/Gustavo-en-San-Bernardo-2-1024x682.jpg 1024w, https:\/\/diariodigitalnea.com\/wp-content\/uploads\/2023\/08\/Gustavo-en-San-Bernardo-2-300x200.jpg 300w, https:\/\/diariodigitalnea.com\/wp-content\/uploads\/2023\/08\/Gustavo-en-San-Bernardo-2-768x512.jpg 768w, https:\/\/diariodigitalnea.com\/wp-content\/uploads\/2023\/08\/Gustavo-en-San-Bernardo-2-1536x1023.jpg 1536w, https:\/\/diariodigitalnea.com\/wp-content\/uploads\/2023\/08\/Gustavo-en-San-Bernardo-2-900x600.jpg 900w, https:\/\/diariodigitalnea.com\/wp-content\/uploads\/2023\/08\/Gustavo-en-San-Bernardo-2.jpg 1600w\" sizes=\"(max-width: 1024px) 100vw, 1024px\" \/><\/figure>\n\n\n\n<p>Asimismo, indic\u00f3 que \u201ces necesario la alternancia de gobierno, pensar un Chaco sin privilegios, donde no gobiernan los piqueteros, sino que la gente trabajadora que tiene el apoyo del Estado, es preciso desterrar la inseguridad brindando herramientas a la polic\u00eda, generando oportunidades para los productores, los comerciantes y los industriales, la esfera privada y los profesionales independientes deben ser socios estrat\u00e9gicos\u201d.<\/p>\n\n\n\n<p>Viviam Polini remarc\u00f3 que \u201cfue m\u00e1s que importante la concurrencia de la gente para escuchar las propuestas que tiene el CER para cambiar la forma de hacer pol\u00edtica en el Chaco\u201d, y ampli\u00f3 diciendo que \u201clas casas CER distribuidas por toda la provincia ser\u00e1 el hogar de todos los que quieran sumarse a este espacio que es nuevo, que plantea una filosof\u00eda distinta de construir con todos\u201d.<\/p>\n\n\n\n<p>Por su parte, S\u00e1nchez afirm\u00f3 que \u201ccada casa CER que abre sus puertas es una ratificaci\u00f3n a la pluralidad de voces y de partidos que integran este espacio\u201d, y a\u00f1adi\u00f3 que \u201chay una definici\u00f3n de cambio que el pueblo est\u00e1 exigiendo, y este frente pol\u00edtico se lo puede dar\u201d.<\/p>\n\n\n\n<p>En igual sentido, consider\u00f3 que \u201cCER ofrece un cambio responsable y seguro, con un equipo que est\u00e1 probado en gesti\u00f3n de gobierno y acompa\u00f1ado de una multiplicidad de sectores\u201d, y prosigui\u00f3 manifestando que \u201chay que apostar a una nueva forma de construcci\u00f3n pol\u00edtica donde se escuche, donde haya empat\u00eda por el problema del otro y se le brinde una soluci\u00f3n\u201d.<\/p>\n\n\n\n<figure class=\"wp-block-image size-large\"><img decoding=\"async\" width=\"1024\" height=\"682\" src=\"http:\/\/diariodigitalnea.com\/wp-content\/uploads\/2023\/08\/Gustavo-en-San-Bernardo-3-1024x682.jpg\" alt=\"\" class=\"wp-image-10228\" srcset=\"https:\/\/diariodigitalnea.com\/wp-content\/uploads\/2023\/08\/Gustavo-en-San-Bernardo-3-1024x682.jpg 1024w, https:\/\/diariodigitalnea.com\/wp-content\/uploads\/2023\/08\/Gustavo-en-San-Bernardo-3-300x200.jpg 300w, https:\/\/diariodigitalnea.com\/wp-content\/uploads\/2023\/08\/Gustavo-en-San-Bernardo-3-768x512.jpg 768w, https:\/\/diariodigitalnea.com\/wp-content\/uploads\/2023\/08\/Gustavo-en-San-Bernardo-3-1536x1023.jpg 1536w, https:\/\/diariodigitalnea.com\/wp-content\/uploads\/2023\/08\/Gustavo-en-San-Bernardo-3-900x600.jpg 900w, https:\/\/diariodigitalnea.com\/wp-content\/uploads\/2023\/08\/Gustavo-en-San-Bernardo-3.jpg 1600w\" sizes=\"(max-width: 1024px) 100vw, 1024px\" \/><\/figure>\n\n\n\n<p>Landriel expres\u00f3 que \u201chay muchas expectativas en los j\u00f3venes, en los adultos, en adultos mayores, respecto a l trabajo que viene llevando adelante el equipo CER, y se reconoce ampliamente el trabajo de gesti\u00f3n que tiene este frente, que representa una nueva forma de hacer pol\u00edtica en la provincia\u201d.<\/p>\n\n\n\n<p>Tambi\u00e9n hizo hincapi\u00e9 en que \u201cestaba prevista la presencia de 45 referentes radicales que fueron descuidados por el partido en la localidad, pero se fueron sumando muchos m\u00e1s y hubo alrededor de 150 personas y se tuvo que cambiar dos veces el lugar para recibir a la gente\u201d.<\/p>\n\n\n\n<p>Kitoff se\u00f1al\u00f3 que \u201cel acompa\u00f1amiento fue m\u00e1s de lo esperado y eso llena de expectativas de cara a las elecciones provinciales, porque se nota que la gente quiere un cambio y CER se presenta como la opci\u00f3n m\u00e1s viable para lograr ese cometido\u201d.<\/p>\n","protected":false},"excerpt":{"rendered":"<p>El Intendente de Resistencia, Gustavo Mart\u00ednez encabez\u00f3 la presentaci\u00f3n de una nueva casa de la Corriente de Expresi\u00f3n Renovada (CER) en San Bernardo, donde se reuni\u00f3 con candidatos, dirigentes, militantes y referentes del quehacer social y comercial de la localidad. Adem\u00e1s, dialog\u00f3 con vecinos y vecinas para escuchar sus necesidades y proyectar respuestas de cara [&hellip;]<\/p>\n","protected":false},"author":3,"featured_media":10226,"comment_status":"closed","ping_status":"closed","sticky":false,"template":"","format":"standard","meta":{"om_disable_all_campaigns":false,"_monsterinsights_skip_tracking":false,"_monsterinsights_sitenote_active":false,"_monsterinsights_sitenote_note":"","_monsterinsights_sitenote_category":0,"footnotes":""},"categories":[33,4],"tags":[59,3352],"class_list":["post-10225","post","type-post","status-publish","format-standard","has-post-thumbnail","hentry","category-chaco","category-politica","tag-gustavo-martinez","tag-san-bernardo"],"aioseo_notices":[],"amp_enabled":true,"_links":{"self":[{"href":"https:\/\/diariodigitalnea.com\/index.php\/wp-json\/wp\/v2\/posts\/10225","targetHints":{"allow":["GET"]}}],"collection":[{"href":"https:\/\/diariodigitalnea.com\/index.php\/wp-json\/wp\/v2\/posts"}],"about":[{"href":"https:\/\/diariodigitalnea.com\/index.php\/wp-json\/wp\/v2\/types\/post"}],"author":[{"embeddable":true,"href":"https:\/\/diariodigitalnea.com\/index.php\/wp-json\/wp\/v2\/users\/3"}],"replies":[{"embeddable":true,"href":"https:\/\/diariodigitalnea.com\/index.php\/wp-json\/wp\/v2\/comments?post=10225"}],"version-history":[{"count":1,"href":"https:\/\/diariodigitalnea.com\/index.php\/wp-json\/wp\/v2\/posts\/10225\/revisions"}],"predecessor-version":[{"id":10229,"href":"https:\/\/diariodigitalnea.com\/index.php\/wp-json\/wp\/v2\/posts\/10225\/revisions\/10229"}],"wp:featuredmedia":[{"embeddable":true,"href":"https:\/\/diariodigitalnea.com\/index.php\/wp-json\/wp\/v2\/media\/10226"}],"wp:attachment":[{"href":"https:\/\/diariodigitalnea.com\/index.php\/wp-json\/wp\/v2\/media?parent=10225"}],"wp:term":[{"taxonomy":"category","embeddable":true,"href":"https:\/\/diariodigitalnea.com\/index.php\/wp-json\/wp\/v2\/categories?post=10225"},{"taxonomy":"post_tag","embeddable":true,"href":"https:\/\/diariodigitalnea.com\/index.php\/wp-json\/wp\/v2\/tags?post=10225"}],"curies":[{"name":"wp","href":"https:\/\/api.w.org\/{rel}","templated":true}]}}