{"id":10220,"date":"2023-08-23T00:19:18","date_gmt":"2023-08-23T00:19:18","guid":{"rendered":"https:\/\/diariodigitalnea.com\/?p=10220"},"modified":"2023-08-23T00:19:40","modified_gmt":"2023-08-23T00:19:40","slug":"massa-firmo-los-contratos-de-financiamiento-con-el-bid-para-el-segundo-puente-chaco-corrientes","status":"publish","type":"post","link":"https:\/\/diariodigitalnea.com\/index.php\/2023\/08\/23\/massa-firmo-los-contratos-de-financiamiento-con-el-bid-para-el-segundo-puente-chaco-corrientes\/","title":{"rendered":"Massa firm\u00f3 los contratos de financiamiento con el BID para el segundo puente Chaco &#8211; Corrientes"},"content":{"rendered":"\n<p>Durante su gira por Washington, el ministro de Econom\u00eda trat\u00f3 con el Banco Interamericano de Desarrollo y el Banco Mundial, pr\u00e9stamos por USD $ 1.300 millones de d\u00f3lares hasta fin de a\u00f1o.<\/p>\n\n\n\n<p><br>El Ministro de Econom\u00eda, Sergio Massa, anunci\u00f3 durante su primer d\u00eda en Washington este martes que Argentina recibir\u00e1 pr\u00e9stamos adicionales por USD $ 1.300 millones de d\u00f3lares del Banco Mundial y el Banco Interamericano de Desarrollo, hasta fin de a\u00f1o, y que se sumar\u00e1n a los USD $ 7.500 millones que aportar\u00eda ma\u00f1ana el Fondo Monetario Internacional.<\/p>\n\n\n\n<p><\/p>\n\n\n\n<p>Esta ma\u00f1ana, Massa se reuni\u00f3 con la directora gerente de Operaciones de Cr\u00e9dito del Banco Mundial, Anna Bjerde, quien le prometi\u00f3 que este martes el directorio del organismo tratar\u00eda dos pr\u00e9stamos para el pa\u00eds, por USD $ 650 millones.<\/p>\n\n\n\n<p><\/p>\n\n\n\n<p>El objetivo de este pr\u00e9stamo es promover las pymes y el prefinanciamiento. Tambi\u00e9n est\u00e1 destinado a pol\u00edtica alimentaria, que incluye la tarjeta de seguridad alimentaria y la Asignaci\u00f3n Universal por Hijo.<\/p>\n\n\n\n<p><\/p>\n\n\n\n<figure class=\"wp-block-image size-large\"><img fetchpriority=\"high\" decoding=\"async\" width=\"1024\" height=\"580\" src=\"https:\/\/diariodigitalnea.com\/wp-content\/uploads\/2023\/08\/puente2-1024x580.jpg\" alt=\"\" class=\"wp-image-10221\" srcset=\"https:\/\/diariodigitalnea.com\/wp-content\/uploads\/2023\/08\/puente2-1024x580.jpg 1024w, https:\/\/diariodigitalnea.com\/wp-content\/uploads\/2023\/08\/puente2-300x170.jpg 300w, https:\/\/diariodigitalnea.com\/wp-content\/uploads\/2023\/08\/puente2-768x435.jpg 768w, https:\/\/diariodigitalnea.com\/wp-content\/uploads\/2023\/08\/puente2.jpg 1300w\" sizes=\"(max-width: 1024px) 100vw, 1024px\" \/><\/figure>\n\n\n\n<p>Tras reunirse con el presidente del organismo, Ilan Goldfajn, Massa anunci\u00f3 ante periodistas que lograron la firma del contrato para el financiamiento del segundo puente Chaco-Corrientes que impuls\u00f3 el gobernador Jorge Capitanich, como tambi\u00e9n la ampliaci\u00f3n de la capacidad de la represa binacional de Salto Grande. Tambi\u00e9n se trat\u00f3 financiamiento para el incremento de exportaciones en econom\u00eda del conocimiento.<\/p>\n\n\n\n<p><br>El objetivo m\u00e1s importante para Massa durante su gira es conseguir los USD $ 7.500 millones que el directorio del FMI deber\u00eda aprobar este mi\u00e9rcoles, tras la quinta y sexta revisi\u00f3n del programa.<\/p>\n\n\n\n<p><\/p>\n\n\n\n<p>Adem\u00e1s, en una chicana a Javier Milei, el candidato oficialista dijo: \u00abPreocupa la idea de que alguien prometa hacer la econom\u00eda de su pa\u00eds con la moneda de ellos\u00bb, en referencia a la propuesta de dolarizar la econom\u00eda que plantea el liberal.<\/p>\n\n\n\n<p><br><strong>PROYECTO DEL PUENTE<\/strong><\/p>\n\n\n\n<p>El proyecto, que beneficiar\u00e1 a 800 mil personas, contempla la construcci\u00f3n de un puente atirantado de 772 metros de longitud y 25,7 metros de ancho sobre el r\u00edo Paran\u00e1, con viaductos de acceso que alcanzan un total de 5,6 kil\u00f3metros. A las mencionadas obras se suma la ejecuci\u00f3n de 34,4 kil\u00f3metros de nueva autopista con dos carriles por sentido de circulaci\u00f3n para vincular la Ruta nacional 11 con la Ruta nacional 12.<\/p>\n\n\n\n<figure class=\"wp-block-image size-large\"><img decoding=\"async\" width=\"1024\" height=\"513\" src=\"http:\/\/diariodigitalnea.com\/wp-content\/uploads\/2023\/05\/ENCUENTRO-IG-Verde-copy-1024x513.jpg\" alt=\"PUBLICIDAD\" class=\"wp-image-8132\" srcset=\"https:\/\/diariodigitalnea.com\/wp-content\/uploads\/2023\/05\/ENCUENTRO-IG-Verde-copy-1024x513.jpg 1024w, https:\/\/diariodigitalnea.com\/wp-content\/uploads\/2023\/05\/ENCUENTRO-IG-Verde-copy-300x150.jpg 300w, https:\/\/diariodigitalnea.com\/wp-content\/uploads\/2023\/05\/ENCUENTRO-IG-Verde-copy-768x385.jpg 768w, https:\/\/diariodigitalnea.com\/wp-content\/uploads\/2023\/05\/ENCUENTRO-IG-Verde-copy-1536x769.jpg 1536w, https:\/\/diariodigitalnea.com\/wp-content\/uploads\/2023\/05\/ENCUENTRO-IG-Verde-copy-2048x1026.jpg 2048w\" sizes=\"(max-width: 1024px) 100vw, 1024px\" \/><figcaption>Publicidad: Encuentro Tienda de Bebidas, Chile 190 Local 4 \u2013 Tel: 3624386655 &#8211; Gral San Mart\u00edn<\/figcaption><\/figure>\n\n\n\n<p>En el mes de abril, el Ministerio de Obras P\u00fablicas de la Naci\u00f3n, a trav\u00e9s de Vialidad Nacional, adjudic\u00f3 a la empresa DECAVIAL S.A.I.C.A.C. la obra de circunvalaci\u00f3n de la Ruta nacional 11, denominada Variante de Paso por la ciudad de Resistencia, y a la empresa SEMISA Infraestructura S.A. la circunvalaci\u00f3n de la Ruta nacional 12, Variante de Paso por la ciudad de Corrientes. Ambas forman parte del sistema de conexi\u00f3n f\u00edsica entre Resistencia y Corrientes, en el marco del proyecto de construcci\u00f3n del segundo puente Chaco-Corrientes.<\/p>\n\n\n\n<p><\/p>\n\n\n\n<p>La Variante de paso Ciudad de Resistencia consistir\u00e1 en una autopista de 20,2 km, acompa\u00f1ada de tres distribuidores a distinto nivel en las intersecciones con el camino a Puerto Tirol-Fontana, RN 16 y RN11 y la ejecuci\u00f3n de tres puentes.<\/p>\n\n\n\n<p><\/p>\n\n\n\n<p>La obra Variante de paso por la Ciudad de Corrientes consistir\u00e1 en 12,6 km de calzada indivisa bidireccional entre la Ruta nacional 12 y la Ruta provincial 5, para dar continuidad a la primera sin atravesar la Capital provincial. La obra iniciar\u00e1, aproximadamente, a 500 metros del distribuidor de la interconexi\u00f3n con la RN 12.<\/p>\n\n\n\n<figure class=\"wp-block-image size-large\"><img decoding=\"async\" width=\"1024\" height=\"446\" src=\"http:\/\/diariodigitalnea.com\/wp-content\/uploads\/2023\/05\/CONSTRUCAL-CON-FABRICA-2-1024x446.jpg\" alt=\"publicidad Construcal 2\" class=\"wp-image-8211\" srcset=\"https:\/\/diariodigitalnea.com\/wp-content\/uploads\/2023\/05\/CONSTRUCAL-CON-FABRICA-2-1024x446.jpg 1024w, https:\/\/diariodigitalnea.com\/wp-content\/uploads\/2023\/05\/CONSTRUCAL-CON-FABRICA-2-300x131.jpg 300w, https:\/\/diariodigitalnea.com\/wp-content\/uploads\/2023\/05\/CONSTRUCAL-CON-FABRICA-2-768x334.jpg 768w, https:\/\/diariodigitalnea.com\/wp-content\/uploads\/2023\/05\/CONSTRUCAL-CON-FABRICA-2-1536x669.jpg 1536w, https:\/\/diariodigitalnea.com\/wp-content\/uploads\/2023\/05\/CONSTRUCAL-CON-FABRICA-2-2048x892.jpg 2048w\" sizes=\"(max-width: 1024px) 100vw, 1024px\" \/><figcaption>Publicidad: ConstruCal Cales hidratas y vivas para uso vial y construcci\u00f3n TEL: 3624602737\n<\/figcaption><\/figure>\n","protected":false},"excerpt":{"rendered":"<p>Durante su gira por Washington, el ministro de Econom\u00eda trat\u00f3 con el Banco Interamericano de Desarrollo y el Banco Mundial, pr\u00e9stamos por USD $ 1.300 millones de d\u00f3lares hasta fin de a\u00f1o. El Ministro de Econom\u00eda, Sergio Massa, anunci\u00f3 durante su primer d\u00eda en Washington este martes que Argentina recibir\u00e1 pr\u00e9stamos adicionales por USD $ [&hellip;]<\/p>\n","protected":false},"author":4,"featured_media":10222,"comment_status":"closed","ping_status":"closed","sticky":false,"template":"","format":"standard","meta":{"om_disable_all_campaigns":false,"_monsterinsights_skip_tracking":false,"_monsterinsights_sitenote_active":false,"_monsterinsights_sitenote_note":"","_monsterinsights_sitenote_category":0,"footnotes":""},"categories":[33,34,4],"tags":[929,3350,3351,1266],"class_list":["post-10220","post","type-post","status-publish","format-standard","has-post-thumbnail","hentry","category-chaco","category-corrientes","category-politica","tag-banco-mundial","tag-bid","tag-chaco-corrientes","tag-massa"],"aioseo_notices":[],"amp_enabled":true,"_links":{"self":[{"href":"https:\/\/diariodigitalnea.com\/index.php\/wp-json\/wp\/v2\/posts\/10220","targetHints":{"allow":["GET"]}}],"collection":[{"href":"https:\/\/diariodigitalnea.com\/index.php\/wp-json\/wp\/v2\/posts"}],"about":[{"href":"https:\/\/diariodigitalnea.com\/index.php\/wp-json\/wp\/v2\/types\/post"}],"author":[{"embeddable":true,"href":"https:\/\/diariodigitalnea.com\/index.php\/wp-json\/wp\/v2\/users\/4"}],"replies":[{"embeddable":true,"href":"https:\/\/diariodigitalnea.com\/index.php\/wp-json\/wp\/v2\/comments?post=10220"}],"version-history":[{"count":2,"href":"https:\/\/diariodigitalnea.com\/index.php\/wp-json\/wp\/v2\/posts\/10220\/revisions"}],"predecessor-version":[{"id":10224,"href":"https:\/\/diariodigitalnea.com\/index.php\/wp-json\/wp\/v2\/posts\/10220\/revisions\/10224"}],"wp:featuredmedia":[{"embeddable":true,"href":"https:\/\/diariodigitalnea.com\/index.php\/wp-json\/wp\/v2\/media\/10222"}],"wp:attachment":[{"href":"https:\/\/diariodigitalnea.com\/index.php\/wp-json\/wp\/v2\/media?parent=10220"}],"wp:term":[{"taxonomy":"category","embeddable":true,"href":"https:\/\/diariodigitalnea.com\/index.php\/wp-json\/wp\/v2\/categories?post=10220"},{"taxonomy":"post_tag","embeddable":true,"href":"https:\/\/diariodigitalnea.com\/index.php\/wp-json\/wp\/v2\/tags?post=10220"}],"curies":[{"name":"wp","href":"https:\/\/api.w.org\/{rel}","templated":true}]}}