{"id":10191,"date":"2023-08-22T13:14:24","date_gmt":"2023-08-22T13:14:24","guid":{"rendered":"https:\/\/diariodigitalnea.com\/?p=10191"},"modified":"2023-08-22T16:41:12","modified_gmt":"2023-08-22T16:41:12","slug":"anses-quienes-cobraran-el-bono-excepcional-de-52-000","status":"publish","type":"post","link":"https:\/\/diariodigitalnea.com\/index.php\/2023\/08\/22\/anses-quienes-cobraran-el-bono-excepcional-de-52-000\/","title":{"rendered":"Anses: quienes cobrar\u00e1n el bono excepcional de $52.000"},"content":{"rendered":"\n<p>La Administraci\u00f3n Nacional de Seguridad Social paga un beneficio excepcional esta semana. Qui\u00e9nes cumplen los requisitos y c\u00f3mo acceder.<\/p>\n\n\n\n<p><br>Anses avanza con su cronograma de pagos. Luego de las paso y justo antes se pagara a jubilados y pensionados el nuevo bono extra de $27.000, el organismo que dirige Fernanda Raverta comienza a pagar un beneficio excepcional que oscila entre los $31.000 y los $52.000.<\/p>\n\n\n\n<p><br>Se trata de la prestaci\u00f3n por desempleo. Para acceder a la misma, los beneficiarios deben cumplir una serie de requisitos y haber realizado el tr\u00e1mite en Anses.<\/p>\n\n\n\n<figure class=\"wp-block-image size-large\"><img fetchpriority=\"high\" decoding=\"async\" width=\"1024\" height=\"685\" src=\"https:\/\/diariodigitalnea.com\/wp-content\/uploads\/2023\/08\/anses2-1024x685.jpg\" alt=\"\" class=\"wp-image-10192\" srcset=\"https:\/\/diariodigitalnea.com\/wp-content\/uploads\/2023\/08\/anses2-1024x685.jpg 1024w, https:\/\/diariodigitalnea.com\/wp-content\/uploads\/2023\/08\/anses2-300x201.jpg 300w, https:\/\/diariodigitalnea.com\/wp-content\/uploads\/2023\/08\/anses2-768x514.jpg 768w, https:\/\/diariodigitalnea.com\/wp-content\/uploads\/2023\/08\/anses2.jpg 1300w\" sizes=\"(max-width: 1024px) 100vw, 1024px\" \/><\/figure>\n\n\n\n<p><br>Adem\u00e1s, esta semana tambi\u00e9n comienzan a cobrar sus haberes los jubilados y pensionados que cobran m\u00e1s de $70.938. Un porcentaje importante de este grupo cobra, junto con sus haberes del mes, el bono extra de $20.000 que el Gobierno paga para ayudar a compensar la p\u00e9rdida de poder adquisitivo causada por la inflaci\u00f3n.<\/p>\n\n\n\n<p><\/p>\n\n\n\n<p>Por otra parte, hoy es el \u00faltimo d\u00eda de cobro para titulares de Asignaci\u00f3n Universal por Hijo (AUH), el beneficios que cobran millones de beneficiarios y que en muchos casos viene acompa\u00f1ado de un monto extra de entre $17.000 y $34.000 en concepto de la Tarjeta Alimentar, el mecanismo que lanz\u00f3 el Gobierno para garantizar la seguridad alimentaria de la poblaci\u00f3n.<\/p>\n\n\n\n<figure class=\"wp-block-image size-large\"><img decoding=\"async\" width=\"1024\" height=\"513\" src=\"http:\/\/diariodigitalnea.com\/wp-content\/uploads\/2023\/05\/ENCUENTRO-IG-Verde-copy-1024x513.jpg\" alt=\"PUBLICIDAD\" class=\"wp-image-8132\" srcset=\"https:\/\/diariodigitalnea.com\/wp-content\/uploads\/2023\/05\/ENCUENTRO-IG-Verde-copy-1024x513.jpg 1024w, https:\/\/diariodigitalnea.com\/wp-content\/uploads\/2023\/05\/ENCUENTRO-IG-Verde-copy-300x150.jpg 300w, https:\/\/diariodigitalnea.com\/wp-content\/uploads\/2023\/05\/ENCUENTRO-IG-Verde-copy-768x385.jpg 768w, https:\/\/diariodigitalnea.com\/wp-content\/uploads\/2023\/05\/ENCUENTRO-IG-Verde-copy-1536x769.jpg 1536w, https:\/\/diariodigitalnea.com\/wp-content\/uploads\/2023\/05\/ENCUENTRO-IG-Verde-copy-2048x1026.jpg 2048w\" sizes=\"(max-width: 1024px) 100vw, 1024px\" \/><figcaption>Publicidad: Encuentro Tienda de Bebidas, Chile 190 Local 4 \u2013 Tel: 3624386655 &#8211; Gral San Mart\u00edn<\/figcaption><\/figure>\n\n\n\n<p><br>Para acceder a la Prestaci\u00f3n por desempleo que paga Anses, las personas deben haber sido despedidas de un trabajo en relaci\u00f3n de dependencia sin causa justa, por finalizaci\u00f3n de contrato o causas externas al trabajador. Los interesados deben contar con -al menos- seis meses de aportes a la seguridad social en los \u00faltimos tres a\u00f1os y, en caso de ser trabajador eventual o de temporada, haber trabajado al menos 12 meses en los \u00faltimos tres a\u00f1os y 90 o m\u00e1s d\u00edas en el a\u00f1o previo al despido o finalizaci\u00f3n del contrato.<\/p>\n\n\n\n<p><br>Prestaci\u00f3n por desempleo: cu\u00e1ndo cobro<br>DNI terminados en 0 y 1: mi\u00e9rcoles 23 de agosto<br>DNI terminados en 2 y 3: jueves 24 de agosto<br>DNI terminados en 4 y 5: viernes 25 de agosto<br>DNI terminados en 6 y 7: lunes 28 de agosto<br>DNI terminados en 8 y 9: martes 29 de agosto<\/p>\n\n\n\n<figure class=\"wp-block-image size-large\"><img decoding=\"async\" width=\"1024\" height=\"446\" src=\"http:\/\/diariodigitalnea.com\/wp-content\/uploads\/2023\/05\/CONSTRUCAL-CON-FABRICA-2-1024x446.jpg\" alt=\"publicidad Construcal 2\" class=\"wp-image-8211\" srcset=\"https:\/\/diariodigitalnea.com\/wp-content\/uploads\/2023\/05\/CONSTRUCAL-CON-FABRICA-2-1024x446.jpg 1024w, https:\/\/diariodigitalnea.com\/wp-content\/uploads\/2023\/05\/CONSTRUCAL-CON-FABRICA-2-300x131.jpg 300w, https:\/\/diariodigitalnea.com\/wp-content\/uploads\/2023\/05\/CONSTRUCAL-CON-FABRICA-2-768x334.jpg 768w, https:\/\/diariodigitalnea.com\/wp-content\/uploads\/2023\/05\/CONSTRUCAL-CON-FABRICA-2-1536x669.jpg 1536w, https:\/\/diariodigitalnea.com\/wp-content\/uploads\/2023\/05\/CONSTRUCAL-CON-FABRICA-2-2048x892.jpg 2048w\" sizes=\"(max-width: 1024px) 100vw, 1024px\" \/><figcaption>Publicidad: ConstruCal Cales hidratas y vivas para uso vial y construcci\u00f3n TEL: 3624602737\n<\/figcaption><\/figure>\n","protected":false},"excerpt":{"rendered":"<p>La Administraci\u00f3n Nacional de Seguridad Social paga un beneficio excepcional esta semana. Qui\u00e9nes cumplen los requisitos y c\u00f3mo acceder. Anses avanza con su cronograma de pagos. Luego de las paso y justo antes se pagara a jubilados y pensionados el nuevo bono extra de $27.000, el organismo que dirige Fernanda Raverta comienza a pagar un [&hellip;]<\/p>\n","protected":false},"author":4,"featured_media":10193,"comment_status":"closed","ping_status":"closed","sticky":false,"template":"","format":"standard","meta":{"om_disable_all_campaigns":false,"_monsterinsights_skip_tracking":false,"_monsterinsights_sitenote_active":false,"_monsterinsights_sitenote_note":"","_monsterinsights_sitenote_category":0,"footnotes":""},"categories":[5,4],"tags":[711,1120],"class_list":["post-10191","post","type-post","status-publish","format-standard","has-post-thumbnail","hentry","category-economia","category-politica","tag-anses","tag-bono"],"aioseo_notices":[],"amp_enabled":true,"_links":{"self":[{"href":"https:\/\/diariodigitalnea.com\/index.php\/wp-json\/wp\/v2\/posts\/10191","targetHints":{"allow":["GET"]}}],"collection":[{"href":"https:\/\/diariodigitalnea.com\/index.php\/wp-json\/wp\/v2\/posts"}],"about":[{"href":"https:\/\/diariodigitalnea.com\/index.php\/wp-json\/wp\/v2\/types\/post"}],"author":[{"embeddable":true,"href":"https:\/\/diariodigitalnea.com\/index.php\/wp-json\/wp\/v2\/users\/4"}],"replies":[{"embeddable":true,"href":"https:\/\/diariodigitalnea.com\/index.php\/wp-json\/wp\/v2\/comments?post=10191"}],"version-history":[{"count":1,"href":"https:\/\/diariodigitalnea.com\/index.php\/wp-json\/wp\/v2\/posts\/10191\/revisions"}],"predecessor-version":[{"id":10194,"href":"https:\/\/diariodigitalnea.com\/index.php\/wp-json\/wp\/v2\/posts\/10191\/revisions\/10194"}],"wp:featuredmedia":[{"embeddable":true,"href":"https:\/\/diariodigitalnea.com\/index.php\/wp-json\/wp\/v2\/media\/10193"}],"wp:attachment":[{"href":"https:\/\/diariodigitalnea.com\/index.php\/wp-json\/wp\/v2\/media?parent=10191"}],"wp:term":[{"taxonomy":"category","embeddable":true,"href":"https:\/\/diariodigitalnea.com\/index.php\/wp-json\/wp\/v2\/categories?post=10191"},{"taxonomy":"post_tag","embeddable":true,"href":"https:\/\/diariodigitalnea.com\/index.php\/wp-json\/wp\/v2\/tags?post=10191"}],"curies":[{"name":"wp","href":"https:\/\/api.w.org\/{rel}","templated":true}]}}