{"id":10186,"date":"2023-08-22T00:28:27","date_gmt":"2023-08-22T00:28:27","guid":{"rendered":"https:\/\/diariodigitalnea.com\/?p=10186"},"modified":"2023-08-22T00:28:29","modified_gmt":"2023-08-22T00:28:29","slug":"tras-los-saqueos-en-mendoza-imputaron-a-7-personas-mayores-y-ya-son-17-menores-los-detenidos","status":"publish","type":"post","link":"https:\/\/diariodigitalnea.com\/index.php\/2023\/08\/22\/tras-los-saqueos-en-mendoza-imputaron-a-7-personas-mayores-y-ya-son-17-menores-los-detenidos\/","title":{"rendered":"Tras los saqueos en Mendoza: imputaron a 7 personas mayores y ya son 17 menores los detenidos"},"content":{"rendered":"\n<p>Desde la Justicia contin\u00faan avanzando en la investigaci\u00f3n sobre los hechos delictivos ocurridos este s\u00e1bado en Las Heras y Guaymall\u00e9n, y aumenta el n\u00famero de los implicados.<\/p>\n\n\n\n<p><br>Desde el Ministerio P\u00fablico Fiscal se inform\u00f3 que ya hay imputados y m\u00e1s detenidos, tras los hechos delictivos ocurridos este s\u00e1bado, por diferentes grupos de personas que intentaron saquear locales de supermercados \u00c1tomo, Vea y terminando violentando y romando comercios aleda\u00f1os, en Las Heras y Guaymall\u00e9n.<\/p>\n\n\n\n<figure class=\"wp-block-image size-full\"><img fetchpriority=\"high\" decoding=\"async\" width=\"855\" height=\"530\" src=\"https:\/\/diariodigitalnea.com\/wp-content\/uploads\/2023\/08\/sac3.jpg\" alt=\"\" class=\"wp-image-10187\" srcset=\"https:\/\/diariodigitalnea.com\/wp-content\/uploads\/2023\/08\/sac3.jpg 855w, https:\/\/diariodigitalnea.com\/wp-content\/uploads\/2023\/08\/sac3-300x186.jpg 300w, https:\/\/diariodigitalnea.com\/wp-content\/uploads\/2023\/08\/sac3-768x476.jpg 768w\" sizes=\"(max-width: 855px) 100vw, 855px\" \/><\/figure>\n\n\n\n<p><br>Luego de un exhaustivo trabajo de investigaci\u00f3n, desde el ente de Justicia informaron que fueron detenidos 17 menores y 11 mayores. Cuatro de los adultos ser\u00edan liberados este lunes tras una declaraci\u00f3n informativa ante el fiscal Fernando Giunta; mientras que los siete restantes fueron imputados este domingo por robo agravado en poblado y en banda. En tanto que los 17 menores ser\u00e1n trasladados a la Comisar\u00eda del Menor.<\/p>\n\n\n\n<figure class=\"wp-block-image size-large\"><img decoding=\"async\" width=\"1024\" height=\"513\" src=\"http:\/\/diariodigitalnea.com\/wp-content\/uploads\/2023\/05\/ENCUENTRO-IG-Verde-copy-1024x513.jpg\" alt=\"PUBLICIDAD\" class=\"wp-image-8132\" srcset=\"https:\/\/diariodigitalnea.com\/wp-content\/uploads\/2023\/05\/ENCUENTRO-IG-Verde-copy-1024x513.jpg 1024w, https:\/\/diariodigitalnea.com\/wp-content\/uploads\/2023\/05\/ENCUENTRO-IG-Verde-copy-300x150.jpg 300w, https:\/\/diariodigitalnea.com\/wp-content\/uploads\/2023\/05\/ENCUENTRO-IG-Verde-copy-768x385.jpg 768w, https:\/\/diariodigitalnea.com\/wp-content\/uploads\/2023\/05\/ENCUENTRO-IG-Verde-copy-1536x769.jpg 1536w, https:\/\/diariodigitalnea.com\/wp-content\/uploads\/2023\/05\/ENCUENTRO-IG-Verde-copy-2048x1026.jpg 2048w\" sizes=\"(max-width: 1024px) 100vw, 1024px\" \/><figcaption>Publicidad: Encuentro Tienda de Bebidas, Chile 190 Local 4 \u2013 Tel: 3624386655 &#8211; Gral San Mart\u00edn<\/figcaption><\/figure>\n\n\n\n<p><br>Por otra parte, fuentes del Ministerio de Seguridad aseguraron a Los Andes que unos 50 delincuentes ingresaron por la fuerza al dep\u00f3sito Mill\u00e1n, ubicado en el cruce de Constituci\u00f3n y \u00c1lvarez Condarco, en Las Heras.<\/p>\n\n\n\n<figure class=\"wp-block-embed is-type-video is-provider-youtube wp-block-embed-youtube wp-embed-aspect-16-9 wp-has-aspect-ratio\"><div class=\"wp-block-embed__wrapper\">\n<iframe title=\"Mendoza: saquearon un supermercado y una carnicer\u00eda, hay 19 detenidos\" width=\"1200\" height=\"675\" src=\"https:\/\/www.youtube.com\/embed\/1wOA0nECek4?feature=oembed\" frameborder=\"0\" allow=\"accelerometer; autoplay; clipboard-write; encrypted-media; gyroscope; picture-in-picture; web-share\" allowfullscreen><\/iframe>\n<\/div><\/figure>\n\n\n\n<p>Tras quitarles las radios a los guardias, huyeron con dos motos, cinco equipos de comunicaci\u00f3n y un celular. Los ladrones tomaron rumbo al barrio Santa Teresita.<\/p>\n\n\n\n<p><br>Mientras que en Guaymall\u00e9n, un grupo de unas 30 personas intent\u00f3 irrumpir en la sucursal de \u00c1tomo conocida como \u201cAvellaneda\u201d, que se encuentra en Virgen de las Nieves al 4000, esquina Avellaneda, en el l\u00edmite entre los distritos Pedro Molina y El Bermejo de ese departamento.<\/p>\n\n\n\n<figure class=\"wp-block-image size-large\"><img decoding=\"async\" width=\"1024\" height=\"446\" src=\"http:\/\/diariodigitalnea.com\/wp-content\/uploads\/2023\/05\/CONSTRUCAL-CON-FABRICA-2-1024x446.jpg\" alt=\"publicidad Construcal 2\" class=\"wp-image-8211\" srcset=\"https:\/\/diariodigitalnea.com\/wp-content\/uploads\/2023\/05\/CONSTRUCAL-CON-FABRICA-2-1024x446.jpg 1024w, https:\/\/diariodigitalnea.com\/wp-content\/uploads\/2023\/05\/CONSTRUCAL-CON-FABRICA-2-300x131.jpg 300w, https:\/\/diariodigitalnea.com\/wp-content\/uploads\/2023\/05\/CONSTRUCAL-CON-FABRICA-2-768x334.jpg 768w, https:\/\/diariodigitalnea.com\/wp-content\/uploads\/2023\/05\/CONSTRUCAL-CON-FABRICA-2-1536x669.jpg 1536w, https:\/\/diariodigitalnea.com\/wp-content\/uploads\/2023\/05\/CONSTRUCAL-CON-FABRICA-2-2048x892.jpg 2048w\" sizes=\"(max-width: 1024px) 100vw, 1024px\" \/><figcaption>Publicidad: ConstruCal Cales hidratas y vivas para uso vial y construcci\u00f3n TEL: 3624602737\n<\/figcaption><\/figure>\n","protected":false},"excerpt":{"rendered":"<p>Desde la Justicia contin\u00faan avanzando en la investigaci\u00f3n sobre los hechos delictivos ocurridos este s\u00e1bado en Las Heras y Guaymall\u00e9n, y aumenta el n\u00famero de los implicados. Desde el Ministerio P\u00fablico Fiscal se inform\u00f3 que ya hay imputados y m\u00e1s detenidos, tras los hechos delictivos ocurridos este s\u00e1bado, por diferentes grupos de personas que intentaron [&hellip;]<\/p>\n","protected":false},"author":4,"featured_media":10188,"comment_status":"closed","ping_status":"closed","sticky":false,"template":"","format":"standard","meta":{"om_disable_all_campaigns":false,"_monsterinsights_skip_tracking":false,"_monsterinsights_sitenote_active":false,"_monsterinsights_sitenote_note":"","_monsterinsights_sitenote_category":0,"footnotes":""},"categories":[5,90,4],"tags":[207,3341],"class_list":["post-10186","post","type-post","status-publish","format-standard","has-post-thumbnail","hentry","category-economia","category-nacionales","category-politica","tag-mendoza","tag-saqueos"],"aioseo_notices":[],"amp_enabled":true,"_links":{"self":[{"href":"https:\/\/diariodigitalnea.com\/index.php\/wp-json\/wp\/v2\/posts\/10186","targetHints":{"allow":["GET"]}}],"collection":[{"href":"https:\/\/diariodigitalnea.com\/index.php\/wp-json\/wp\/v2\/posts"}],"about":[{"href":"https:\/\/diariodigitalnea.com\/index.php\/wp-json\/wp\/v2\/types\/post"}],"author":[{"embeddable":true,"href":"https:\/\/diariodigitalnea.com\/index.php\/wp-json\/wp\/v2\/users\/4"}],"replies":[{"embeddable":true,"href":"https:\/\/diariodigitalnea.com\/index.php\/wp-json\/wp\/v2\/comments?post=10186"}],"version-history":[{"count":1,"href":"https:\/\/diariodigitalnea.com\/index.php\/wp-json\/wp\/v2\/posts\/10186\/revisions"}],"predecessor-version":[{"id":10189,"href":"https:\/\/diariodigitalnea.com\/index.php\/wp-json\/wp\/v2\/posts\/10186\/revisions\/10189"}],"wp:featuredmedia":[{"embeddable":true,"href":"https:\/\/diariodigitalnea.com\/index.php\/wp-json\/wp\/v2\/media\/10188"}],"wp:attachment":[{"href":"https:\/\/diariodigitalnea.com\/index.php\/wp-json\/wp\/v2\/media?parent=10186"}],"wp:term":[{"taxonomy":"category","embeddable":true,"href":"https:\/\/diariodigitalnea.com\/index.php\/wp-json\/wp\/v2\/categories?post=10186"},{"taxonomy":"post_tag","embeddable":true,"href":"https:\/\/diariodigitalnea.com\/index.php\/wp-json\/wp\/v2\/tags?post=10186"}],"curies":[{"name":"wp","href":"https:\/\/api.w.org\/{rel}","templated":true}]}}