{"id":10177,"date":"2023-08-21T22:11:52","date_gmt":"2023-08-21T22:11:52","guid":{"rendered":"https:\/\/diariodigitalnea.com\/?p=10177"},"modified":"2023-08-21T23:46:09","modified_gmt":"2023-08-21T23:46:09","slug":"romance-confirmado-milei-esta-de-novio-con-fatima-florez","status":"publish","type":"post","link":"https:\/\/diariodigitalnea.com\/index.php\/2023\/08\/21\/romance-confirmado-milei-esta-de-novio-con-fatima-florez\/","title":{"rendered":"Romance confirmado: Milei est\u00e1 de novio con F\u00e1tima Florez"},"content":{"rendered":"\n<p>Se conocieron en diciembre, en la mesa de Mirtha Legrand.<\/p>\n\n\n\n<p><br>Sorpresa en el mundo de la pol\u00edtica y del espect\u00e1culo. Y es que el candidato presidencial Javier Milei est\u00e1 en pareja con F\u00e1tima Florez, as\u00ed lo confirm\u00f3 tanto la humorista como los asesores del l\u00edder de La Libertad Avanza. \u00abEst\u00e1n en pareja hace 45 d\u00edas\u00bb, agregaron.<\/p>\n\n\n\n<figure class=\"wp-block-image size-full\"><img fetchpriority=\"high\" decoding=\"async\" width=\"966\" height=\"548\" src=\"https:\/\/diariodigitalnea.com\/wp-content\/uploads\/2023\/08\/mi-fa2.jpg\" alt=\"\" class=\"wp-image-10178\" srcset=\"https:\/\/diariodigitalnea.com\/wp-content\/uploads\/2023\/08\/mi-fa2.jpg 966w, https:\/\/diariodigitalnea.com\/wp-content\/uploads\/2023\/08\/mi-fa2-300x170.jpg 300w, https:\/\/diariodigitalnea.com\/wp-content\/uploads\/2023\/08\/mi-fa2-768x436.jpg 768w\" sizes=\"(max-width: 966px) 100vw, 966px\" \/><\/figure>\n\n\n\n<p>Marina Calabr\u00f3, en Lanata Sin Filtro (Radio Mitre), asegur\u00f3 que la imitadora dijo: \u00abEs muy lindo habernos encontrado. El tiempo vuela cuando estamos juntos\u00bb.<\/p>\n\n\n\n<p><\/p>\n\n\n\n<p>Por otra parte, en Intrusos (Am\u00e9rica), el panelista Guido Zaffora indic\u00f3 que cuando le pregunt\u00f3 a Javier Milei sobre la posibilidad del romance, el postulante a la Presidencia por La Libertad Avanza le respondi\u00f3 que estaba \u00abmuy feliz\u00bb por el encuentro con la comediante.<\/p>\n\n\n\n<figure class=\"wp-block-image size-large\"><img decoding=\"async\" width=\"1024\" height=\"513\" src=\"http:\/\/diariodigitalnea.com\/wp-content\/uploads\/2023\/05\/ENCUENTRO-IG-Verde-copy-1024x513.jpg\" alt=\"PUBLICIDAD\" class=\"wp-image-8132\" srcset=\"https:\/\/diariodigitalnea.com\/wp-content\/uploads\/2023\/05\/ENCUENTRO-IG-Verde-copy-1024x513.jpg 1024w, https:\/\/diariodigitalnea.com\/wp-content\/uploads\/2023\/05\/ENCUENTRO-IG-Verde-copy-300x150.jpg 300w, https:\/\/diariodigitalnea.com\/wp-content\/uploads\/2023\/05\/ENCUENTRO-IG-Verde-copy-768x385.jpg 768w, https:\/\/diariodigitalnea.com\/wp-content\/uploads\/2023\/05\/ENCUENTRO-IG-Verde-copy-1536x769.jpg 1536w, https:\/\/diariodigitalnea.com\/wp-content\/uploads\/2023\/05\/ENCUENTRO-IG-Verde-copy-2048x1026.jpg 2048w\" sizes=\"(max-width: 1024px) 100vw, 1024px\" \/><figcaption>Publicidad: Encuentro Tienda de Bebidas, Chile 190 Local 4 \u2013 Tel: 3624386655 &#8211; Gral San Mart\u00edn<\/figcaption><\/figure>\n\n\n\n<p>Los enamorados se conocieron en una comida en la mesa de Mirtha Legrand, el 3 de diciembre en 2022. \u00abAmo este romance\u00bb, aport\u00f3 Zaffora. \u00abNosotros, mucho m\u00e1s. Estamos muy felices\u00bb, le comentaron Milei y Florez.<\/p>\n\n\n\n<figure class=\"wp-block-embed is-type-video is-provider-youtube wp-block-embed-youtube wp-embed-aspect-16-9 wp-has-aspect-ratio\"><div class=\"wp-block-embed__wrapper\">\n<iframe title=\"JAVIER MILEI y F\u00c1TIMA FL\u00d3REZ JUNTOS: Revivimos el momento en qu\u00e9 naci\u00f3 el amor\" width=\"1200\" height=\"675\" src=\"https:\/\/www.youtube.com\/embed\/MUNIfK7C5X4?feature=oembed\" frameborder=\"0\" allow=\"accelerometer; autoplay; clipboard-write; encrypted-media; gyroscope; picture-in-picture; web-share\" allowfullscreen><\/iframe>\n<\/div><\/figure>\n\n\n\n<p>Seg\u00fan Zaffora, luego de ese d\u00eda en la mesa del programa de Mirtha Legrand, Milei y F\u00e1tima Florez empezaron a verse de otra forma. \u00abQuedamos en contacto desde ese d\u00eda y un d\u00eda nos empezamos a ver de otro modo\u00bb, relat\u00f3 el panelista que le dijo el economista.<\/p>\n\n\n\n<figure class=\"wp-block-image size-large\"><img decoding=\"async\" width=\"1024\" height=\"446\" src=\"http:\/\/diariodigitalnea.com\/wp-content\/uploads\/2023\/05\/CONSTRUCAL-CON-FABRICA-2-1024x446.jpg\" alt=\"publicidad Construcal 2\" class=\"wp-image-8211\" srcset=\"https:\/\/diariodigitalnea.com\/wp-content\/uploads\/2023\/05\/CONSTRUCAL-CON-FABRICA-2-1024x446.jpg 1024w, https:\/\/diariodigitalnea.com\/wp-content\/uploads\/2023\/05\/CONSTRUCAL-CON-FABRICA-2-300x131.jpg 300w, https:\/\/diariodigitalnea.com\/wp-content\/uploads\/2023\/05\/CONSTRUCAL-CON-FABRICA-2-768x334.jpg 768w, https:\/\/diariodigitalnea.com\/wp-content\/uploads\/2023\/05\/CONSTRUCAL-CON-FABRICA-2-1536x669.jpg 1536w, https:\/\/diariodigitalnea.com\/wp-content\/uploads\/2023\/05\/CONSTRUCAL-CON-FABRICA-2-2048x892.jpg 2048w\" sizes=\"(max-width: 1024px) 100vw, 1024px\" \/><figcaption>Publicidad: ConstruCal Cales hidratas y vivas para uso vial y construcci\u00f3n TEL: 3624602737\n<\/figcaption><\/figure>\n","protected":false},"excerpt":{"rendered":"<p>Se conocieron en diciembre, en la mesa de Mirtha Legrand. Sorpresa en el mundo de la pol\u00edtica y del espect\u00e1culo. Y es que el candidato presidencial Javier Milei est\u00e1 en pareja con F\u00e1tima Florez, as\u00ed lo confirm\u00f3 tanto la humorista como los asesores del l\u00edder de La Libertad Avanza. \u00abEst\u00e1n en pareja hace 45 d\u00edas\u00bb, [&hellip;]<\/p>\n","protected":false},"author":4,"featured_media":10181,"comment_status":"closed","ping_status":"closed","sticky":false,"template":"","format":"standard","meta":{"om_disable_all_campaigns":false,"_monsterinsights_skip_tracking":false,"_monsterinsights_sitenote_active":false,"_monsterinsights_sitenote_note":"","_monsterinsights_sitenote_category":0,"footnotes":""},"categories":[7,2799,90],"tags":[3338,1480,3339],"class_list":["post-10177","post","type-post","status-publish","format-standard","has-post-thumbnail","hentry","category-espectaculos","category-mas-leidas","category-nacionales","tag-fatima-florez","tag-milei","tag-novios"],"aioseo_notices":[],"amp_enabled":true,"_links":{"self":[{"href":"https:\/\/diariodigitalnea.com\/index.php\/wp-json\/wp\/v2\/posts\/10177","targetHints":{"allow":["GET"]}}],"collection":[{"href":"https:\/\/diariodigitalnea.com\/index.php\/wp-json\/wp\/v2\/posts"}],"about":[{"href":"https:\/\/diariodigitalnea.com\/index.php\/wp-json\/wp\/v2\/types\/post"}],"author":[{"embeddable":true,"href":"https:\/\/diariodigitalnea.com\/index.php\/wp-json\/wp\/v2\/users\/4"}],"replies":[{"embeddable":true,"href":"https:\/\/diariodigitalnea.com\/index.php\/wp-json\/wp\/v2\/comments?post=10177"}],"version-history":[{"count":2,"href":"https:\/\/diariodigitalnea.com\/index.php\/wp-json\/wp\/v2\/posts\/10177\/revisions"}],"predecessor-version":[{"id":10182,"href":"https:\/\/diariodigitalnea.com\/index.php\/wp-json\/wp\/v2\/posts\/10177\/revisions\/10182"}],"wp:featuredmedia":[{"embeddable":true,"href":"https:\/\/diariodigitalnea.com\/index.php\/wp-json\/wp\/v2\/media\/10181"}],"wp:attachment":[{"href":"https:\/\/diariodigitalnea.com\/index.php\/wp-json\/wp\/v2\/media?parent=10177"}],"wp:term":[{"taxonomy":"category","embeddable":true,"href":"https:\/\/diariodigitalnea.com\/index.php\/wp-json\/wp\/v2\/categories?post=10177"},{"taxonomy":"post_tag","embeddable":true,"href":"https:\/\/diariodigitalnea.com\/index.php\/wp-json\/wp\/v2\/tags?post=10177"}],"curies":[{"name":"wp","href":"https:\/\/api.w.org\/{rel}","templated":true}]}}