{"id":1012,"date":"2022-09-08T02:42:12","date_gmt":"2022-09-08T02:42:12","guid":{"rendered":"https:\/\/diariodigitalnea.com\/?p=1012"},"modified":"2022-09-08T02:48:51","modified_gmt":"2022-09-08T02:48:51","slug":"miles-de-padres-y-prestadores-movilizados-por-el-rechazo-al-ajuste-de-discapacidad-en-resistencia","status":"publish","type":"post","link":"https:\/\/diariodigitalnea.com\/index.php\/2022\/09\/08\/miles-de-padres-y-prestadores-movilizados-por-el-rechazo-al-ajuste-de-discapacidad-en-resistencia\/","title":{"rendered":"Miles de padres y prestadores movilizados por el rechazo al ajuste  de discapacidad en Resistencia"},"content":{"rendered":"\n<p>Los familiares de personas con discapacidad explicaron que existen demoras de tres a cuatro meses en los pagos por parte del Gobierno a obras sociales. \u00abLa situaci\u00f3n deja a ni\u00f1os, ni\u00f1as, adolescentes y adultos mayores sin acceso a terapia y tratamiento\u00bb, manifestaron.<\/p>\n\n\n\n<p>\u00abRecordamos que el reclamo urgente que nos trae ac\u00e1 es la falta de pagos hacia los prestadores que responden a las obras sociales nacionales y prepagas. Es una falta de pagos que viene desde a Superintendencia de Servicios Salud de la Naci\u00f3n, que arranc\u00f3 el mes pasado, donde deb\u00edan pagar sueldos de mayo\u00bb, indic\u00f3 una de las madres que particip\u00f3 de la marcha.<\/p>\n\n\n\n<figure class=\"wp-block-image size-large is-resized\"><img fetchpriority=\"high\" decoding=\"async\" src=\"https:\/\/diariodigitalnea.com\/wp-content\/uploads\/2022\/09\/dededed-1-1024x685.jpg\" alt=\"\" class=\"wp-image-1018\" width=\"1200\" height=\"803\" srcset=\"https:\/\/diariodigitalnea.com\/wp-content\/uploads\/2022\/09\/dededed-1-1024x685.jpg 1024w, https:\/\/diariodigitalnea.com\/wp-content\/uploads\/2022\/09\/dededed-1-300x201.jpg 300w, https:\/\/diariodigitalnea.com\/wp-content\/uploads\/2022\/09\/dededed-1-768x514.jpg 768w, https:\/\/diariodigitalnea.com\/wp-content\/uploads\/2022\/09\/dededed-1.jpg 1152w\" sizes=\"(max-width: 1200px) 100vw, 1200px\" \/><\/figure>\n\n\n\n<p>\u00abSon 90 d\u00edas de atraso, que los prestadores tienen como normal. Cuando es algo completamente injusto ya que trabajan dignamente y con todo el amor del mundo hacia nuestros hijos, y hacia todas las personas de todas las edades que sufren alg\u00fan tipo de discapacidad\u00bb, asegur\u00f3 la mujer.<\/p>\n","protected":false},"excerpt":{"rendered":"<p>Los familiares de personas con discapacidad explicaron que existen demoras de tres a cuatro meses en los pagos por parte del Gobierno a obras sociales. \u00abLa situaci\u00f3n deja a ni\u00f1os, ni\u00f1as, adolescentes y adultos mayores sin acceso a terapia y tratamiento\u00bb, manifestaron. \u00abRecordamos que el reclamo urgente que nos trae ac\u00e1 es la falta de [&hellip;]<\/p>\n","protected":false},"author":4,"featured_media":1017,"comment_status":"closed","ping_status":"closed","sticky":false,"template":"","format":"standard","meta":{"om_disable_all_campaigns":false,"_monsterinsights_skip_tracking":false,"_monsterinsights_sitenote_active":false,"_monsterinsights_sitenote_note":"","_monsterinsights_sitenote_category":0,"footnotes":""},"categories":[33,95],"tags":[200,198,197,199],"class_list":["post-1012","post","type-post","status-publish","format-standard","has-post-thumbnail","hentry","category-chaco","category-informacion-general","tag-adultos","tag-ajuste","tag-discapacidad","tag-ninos"],"aioseo_notices":[],"amp_enabled":true,"_links":{"self":[{"href":"https:\/\/diariodigitalnea.com\/index.php\/wp-json\/wp\/v2\/posts\/1012","targetHints":{"allow":["GET"]}}],"collection":[{"href":"https:\/\/diariodigitalnea.com\/index.php\/wp-json\/wp\/v2\/posts"}],"about":[{"href":"https:\/\/diariodigitalnea.com\/index.php\/wp-json\/wp\/v2\/types\/post"}],"author":[{"embeddable":true,"href":"https:\/\/diariodigitalnea.com\/index.php\/wp-json\/wp\/v2\/users\/4"}],"replies":[{"embeddable":true,"href":"https:\/\/diariodigitalnea.com\/index.php\/wp-json\/wp\/v2\/comments?post=1012"}],"version-history":[{"count":2,"href":"https:\/\/diariodigitalnea.com\/index.php\/wp-json\/wp\/v2\/posts\/1012\/revisions"}],"predecessor-version":[{"id":1019,"href":"https:\/\/diariodigitalnea.com\/index.php\/wp-json\/wp\/v2\/posts\/1012\/revisions\/1019"}],"wp:featuredmedia":[{"embeddable":true,"href":"https:\/\/diariodigitalnea.com\/index.php\/wp-json\/wp\/v2\/media\/1017"}],"wp:attachment":[{"href":"https:\/\/diariodigitalnea.com\/index.php\/wp-json\/wp\/v2\/media?parent=1012"}],"wp:term":[{"taxonomy":"category","embeddable":true,"href":"https:\/\/diariodigitalnea.com\/index.php\/wp-json\/wp\/v2\/categories?post=1012"},{"taxonomy":"post_tag","embeddable":true,"href":"https:\/\/diariodigitalnea.com\/index.php\/wp-json\/wp\/v2\/tags?post=1012"}],"curies":[{"name":"wp","href":"https:\/\/api.w.org\/{rel}","templated":true}]}}