{"id":10059,"date":"2023-08-16T23:10:47","date_gmt":"2023-08-16T23:10:47","guid":{"rendered":"https:\/\/diariodigitalnea.com\/?p=10059"},"modified":"2023-08-16T23:10:48","modified_gmt":"2023-08-16T23:10:48","slug":"grave-intento-de-secuestro-de-menores-en-barranqueras-termino-con-la-detencion-de-cuatro-hombres-paraguayos","status":"publish","type":"post","link":"https:\/\/diariodigitalnea.com\/index.php\/2023\/08\/16\/grave-intento-de-secuestro-de-menores-en-barranqueras-termino-con-la-detencion-de-cuatro-hombres-paraguayos\/","title":{"rendered":"Grave intento de secuestro de menores en Barranqueras termin\u00f3 con la detenci\u00f3n de cuatro hombres paraguayos"},"content":{"rendered":"\n<p>Hasta el momento se desconocen las edades de las menores involucradas y ya tom\u00f3 acci\u00f3n la fiscal\u00eda en turno.<\/p>\n\n\n\n<p><br>En la jornada de este mi\u00e9rcoles se dio a conocer un atroz hecho policial que tuvo como protagonista a la ciudad de Barranqueras.<\/p>\n\n\n\n<p><\/p>\n\n\n\n<p>Alrededor de las 15, efectivos policiales de la Comisar\u00eda Tercera y varios vecinos, detuvieron a cuatro personas de nacionalidad paraguaya que habr\u00edan intentado subir a la fuerza a una ni\u00f1a de 9 a\u00f1os a un veh\u00edculo.<\/p>\n\n\n\n<p><\/p>\n\n\n\n<p>Lo sucedido tuvo lugar en la intersecci\u00f3n de avenida Soberan\u00eda Nacional y la calle Timbo. El que dio el aviso de lo que estaba pasando fue el hermano de la menor, quien tambi\u00e9n detall\u00f3 que el auto donde se movilizaban los autores era gris.<\/p>\n\n\n\n<figure class=\"wp-block-image size-large\"><img fetchpriority=\"high\" decoding=\"async\" width=\"1024\" height=\"513\" src=\"http:\/\/diariodigitalnea.com\/wp-content\/uploads\/2023\/05\/ENCUENTRO-IG-Verde-copy-1024x513.jpg\" alt=\"PUBLICIDAD\" class=\"wp-image-8132\" srcset=\"https:\/\/diariodigitalnea.com\/wp-content\/uploads\/2023\/05\/ENCUENTRO-IG-Verde-copy-1024x513.jpg 1024w, https:\/\/diariodigitalnea.com\/wp-content\/uploads\/2023\/05\/ENCUENTRO-IG-Verde-copy-300x150.jpg 300w, https:\/\/diariodigitalnea.com\/wp-content\/uploads\/2023\/05\/ENCUENTRO-IG-Verde-copy-768x385.jpg 768w, https:\/\/diariodigitalnea.com\/wp-content\/uploads\/2023\/05\/ENCUENTRO-IG-Verde-copy-1536x769.jpg 1536w, https:\/\/diariodigitalnea.com\/wp-content\/uploads\/2023\/05\/ENCUENTRO-IG-Verde-copy-2048x1026.jpg 2048w\" sizes=\"(max-width: 1024px) 100vw, 1024px\" \/><figcaption>Publicidad: Encuentro Tienda de Bebidas, Chile 190 Local 4 \u2013 Tel: 3624386655 &#8211; Gral San Mart\u00edn<\/figcaption><\/figure>\n\n\n\n<p>Seg\u00fan confirm\u00f3 el fiscal a cargo de la causa, se detuvo a cuatro personas de 49, 25, 23 y 22 a\u00f1os, todos de nacionalidad paraguaya. Finalmente, los cuatro fueron trasladados a la unidad policial y fueron notificados de la causa \u00absupuesto secuestro en grado de tentativa\u00bb.<\/p>\n\n\n\n<p><\/p>\n\n\n\n<p>En el momento act\u00faa el equipo fiscal de la Fiscal\u00eda N\u00b0 14.<\/p>\n\n\n\n<figure class=\"wp-block-image size-large\"><img decoding=\"async\" width=\"1024\" height=\"446\" src=\"http:\/\/diariodigitalnea.com\/wp-content\/uploads\/2023\/05\/CONSTRUCAL-CON-FABRICA-2-1024x446.jpg\" alt=\"publicidad Construcal 2\" class=\"wp-image-8211\" srcset=\"https:\/\/diariodigitalnea.com\/wp-content\/uploads\/2023\/05\/CONSTRUCAL-CON-FABRICA-2-1024x446.jpg 1024w, https:\/\/diariodigitalnea.com\/wp-content\/uploads\/2023\/05\/CONSTRUCAL-CON-FABRICA-2-300x131.jpg 300w, https:\/\/diariodigitalnea.com\/wp-content\/uploads\/2023\/05\/CONSTRUCAL-CON-FABRICA-2-768x334.jpg 768w, https:\/\/diariodigitalnea.com\/wp-content\/uploads\/2023\/05\/CONSTRUCAL-CON-FABRICA-2-1536x669.jpg 1536w, https:\/\/diariodigitalnea.com\/wp-content\/uploads\/2023\/05\/CONSTRUCAL-CON-FABRICA-2-2048x892.jpg 2048w\" sizes=\"(max-width: 1024px) 100vw, 1024px\" \/><figcaption>Publicidad: ConstruCal Cales hidratas y vivas para uso vial y construcci\u00f3n TEL: 3624602737\n<\/figcaption><\/figure>\n","protected":false},"excerpt":{"rendered":"<p>Hasta el momento se desconocen las edades de las menores involucradas y ya tom\u00f3 acci\u00f3n la fiscal\u00eda en turno. En la jornada de este mi\u00e9rcoles se dio a conocer un atroz hecho policial que tuvo como protagonista a la ciudad de Barranqueras. Alrededor de las 15, efectivos policiales de la Comisar\u00eda Tercera y varios vecinos, [&hellip;]<\/p>\n","protected":false},"author":4,"featured_media":10060,"comment_status":"closed","ping_status":"closed","sticky":false,"template":"","format":"standard","meta":{"om_disable_all_campaigns":false,"_monsterinsights_skip_tracking":false,"_monsterinsights_sitenote_active":false,"_monsterinsights_sitenote_note":"","_monsterinsights_sitenote_category":0,"footnotes":""},"categories":[95,52],"tags":[942,74],"class_list":["post-10059","post","type-post","status-publish","format-standard","has-post-thumbnail","hentry","category-informacion-general","category-policiales","tag-barranqueras","tag-chaco"],"aioseo_notices":[],"amp_enabled":true,"_links":{"self":[{"href":"https:\/\/diariodigitalnea.com\/index.php\/wp-json\/wp\/v2\/posts\/10059","targetHints":{"allow":["GET"]}}],"collection":[{"href":"https:\/\/diariodigitalnea.com\/index.php\/wp-json\/wp\/v2\/posts"}],"about":[{"href":"https:\/\/diariodigitalnea.com\/index.php\/wp-json\/wp\/v2\/types\/post"}],"author":[{"embeddable":true,"href":"https:\/\/diariodigitalnea.com\/index.php\/wp-json\/wp\/v2\/users\/4"}],"replies":[{"embeddable":true,"href":"https:\/\/diariodigitalnea.com\/index.php\/wp-json\/wp\/v2\/comments?post=10059"}],"version-history":[{"count":2,"href":"https:\/\/diariodigitalnea.com\/index.php\/wp-json\/wp\/v2\/posts\/10059\/revisions"}],"predecessor-version":[{"id":10064,"href":"https:\/\/diariodigitalnea.com\/index.php\/wp-json\/wp\/v2\/posts\/10059\/revisions\/10064"}],"wp:featuredmedia":[{"embeddable":true,"href":"https:\/\/diariodigitalnea.com\/index.php\/wp-json\/wp\/v2\/media\/10060"}],"wp:attachment":[{"href":"https:\/\/diariodigitalnea.com\/index.php\/wp-json\/wp\/v2\/media?parent=10059"}],"wp:term":[{"taxonomy":"category","embeddable":true,"href":"https:\/\/diariodigitalnea.com\/index.php\/wp-json\/wp\/v2\/categories?post=10059"},{"taxonomy":"post_tag","embeddable":true,"href":"https:\/\/diariodigitalnea.com\/index.php\/wp-json\/wp\/v2\/tags?post=10059"}],"curies":[{"name":"wp","href":"https:\/\/api.w.org\/{rel}","templated":true}]}}