{"id":10050,"date":"2023-08-16T16:02:20","date_gmt":"2023-08-16T16:02:20","guid":{"rendered":"https:\/\/diariodigitalnea.com\/?p=10050"},"modified":"2023-08-16T16:02:20","modified_gmt":"2023-08-16T16:02:20","slug":"burlando-sobre-el-caso-cecilia-es-una-investigacion-muy-complicada-porque-no-tenemos-el-cuerpo","status":"publish","type":"post","link":"https:\/\/diariodigitalnea.com\/index.php\/2023\/08\/16\/burlando-sobre-el-caso-cecilia-es-una-investigacion-muy-complicada-porque-no-tenemos-el-cuerpo\/","title":{"rendered":"Burlando sobre el caso Cecilia: \u00abEs una investigaci\u00f3n muy complicada porque no tenemos el cuerpo\u00bb"},"content":{"rendered":"\n<p>El abogado defensor de Gloria Romero explic\u00f3 que \u00ablo poco que se encontr\u00f3 de Cecilia Strzyzowski no alcanz\u00f3 para generar cotejos y ADN\u00bb.<\/p>\n\n\n\n<p>Fernando Burlando habl\u00f3 sobre el femicidio de Cecilia Strzyzowski y sostuvo que se trata de una investigaci\u00f3n muy complicada \u00abporque no tenemos el cuerpo\u00bb.<\/p>\n\n\n\n<p>El defensor de Gloria Romero, mam\u00e1 de la joven desaparecida, explic\u00f3 en di\u00e1logo con Splendid AM990 que, adem\u00e1s de no tener cuerpo, \u00ablo poco que se encontr\u00f3 de Cecilia no alcanz\u00f3 para generar cotejos y ADN\u00bb.<\/p>\n\n\n\n<p>\u00abSin dudas el c\u00edrculo investigativo est\u00e1 cerrado. Tenemos estos tres forajidos que son los Sena imputados como autores calificados y a otra gente que est\u00e1 como encubridora que obviamente son quienes colaboraron a desmenuzar y desintegrar el cuerpo de Cecilia\u00bb, se\u00f1al\u00f3 Burlando.<\/p>\n\n\n\n<p>En su nota con el periodista Antonio Llorente, el defensor manifest\u00f3 que tener el cuerpo de la joven hubiese generado algo de alivio en la mam\u00e1: \u00abPens\u00e1 que no pudo despedirla. La mataron, la descuartizaron e incineraron, and\u00e1 a ver d\u00f3nde la arrojaron\u00bb.<\/p>\n\n\n\n<p>\u00abIgual tuvieron mucho tiempo all\u00e1 en el Chaco. A veces hay tanto territorio que no se hace visible realmente cuando tratan de obstaculizar la investigaci\u00f3n y eso fue lo que pas\u00f3. Fue un gran error social en la provincia que creo que ya todos est\u00e1n despertando\u00bb, expres\u00f3.<\/p>\n\n\n\n<figure class=\"wp-block-image size-full\"><img fetchpriority=\"high\" decoding=\"async\" width=\"474\" height=\"266\" src=\"http:\/\/diariodigitalnea.com\/wp-content\/uploads\/2023\/08\/cecilia5.jpg\" alt=\"\" class=\"wp-image-10052\" srcset=\"https:\/\/diariodigitalnea.com\/wp-content\/uploads\/2023\/08\/cecilia5.jpg 474w, https:\/\/diariodigitalnea.com\/wp-content\/uploads\/2023\/08\/cecilia5-300x168.jpg 300w\" sizes=\"(max-width: 474px) 100vw, 474px\" \/><\/figure>\n\n\n\n<p>Se trata de una semana clave ya que la C\u00e1mara en lo Penal de Resistencia comenz\u00f3 a evaluar si confirma o no la prisi\u00f3n preventiva de C\u00e9sar Sena as\u00ed como de otros cuatro imputados por encubrimiento.<\/p>\n\n\n\n<p>La audiencia durante este mi\u00e9rcoles ser\u00e1 para escuchar a las defensas de C\u00e9sar Sena, que est\u00e1 acusado por el crimen aquel 2 de junio en la casa de sus padres, Emerenciano y Marcela Acu\u00f1a, a quienes el juez de control H\u00e9ctor Sandoval ya les confirm\u00f3 la preventiva.<\/p>\n\n\n\n<p>Adem\u00e1s, la C\u00e1mara tambi\u00e9n va a evaluar si confirma la preventiva de Gustavo Obreg\u00f3n, su ex pareja Fabiana Gonz\u00e1lez, Gustavo Melgarejo y su pareja Griselda Reynoso. Todos ellos est\u00e1n acusados por encubrimiento y permanecen detenidos, algo que se definir\u00e1 a partir de esta audiencia.<\/p>\n\n\n\n<p>Por otro lado, Emerenciano Sena, tal cual ya lo hicieron su mujer Marcela Acu\u00f1a y su hijo C\u00e9sar Sena, inici\u00f3 una huelga de hambre en la Comisar\u00eda Tercera y pronto va a ser trasladado al Complejo Penitenciario N\u00b01. La medida, seg\u00fan dijo, es en protesta por su encarcelamiento.<\/p>\n","protected":false},"excerpt":{"rendered":"<p>El abogado defensor de Gloria Romero explic\u00f3 que \u00ablo poco que se encontr\u00f3 de Cecilia Strzyzowski no alcanz\u00f3 para generar cotejos y ADN\u00bb. Fernando Burlando habl\u00f3 sobre el femicidio de Cecilia Strzyzowski y sostuvo que se trata de una investigaci\u00f3n muy complicada \u00abporque no tenemos el cuerpo\u00bb. El defensor de Gloria Romero, mam\u00e1 de la [&hellip;]<\/p>\n","protected":false},"author":3,"featured_media":10051,"comment_status":"closed","ping_status":"closed","sticky":false,"template":"","format":"standard","meta":{"om_disable_all_campaigns":false,"_monsterinsights_skip_tracking":false,"_monsterinsights_sitenote_active":false,"_monsterinsights_sitenote_note":"","_monsterinsights_sitenote_category":0,"footnotes":""},"categories":[33,52],"tags":[3032,1597,62,3305],"class_list":["post-10050","post","type-post","status-publish","format-standard","has-post-thumbnail","hentry","category-chaco","category-policiales","tag-caso-cecilia-strzyzowski","tag-fernando-burlando","tag-policiales","tag-sin-cuerpo"],"aioseo_notices":[],"amp_enabled":true,"_links":{"self":[{"href":"https:\/\/diariodigitalnea.com\/index.php\/wp-json\/wp\/v2\/posts\/10050","targetHints":{"allow":["GET"]}}],"collection":[{"href":"https:\/\/diariodigitalnea.com\/index.php\/wp-json\/wp\/v2\/posts"}],"about":[{"href":"https:\/\/diariodigitalnea.com\/index.php\/wp-json\/wp\/v2\/types\/post"}],"author":[{"embeddable":true,"href":"https:\/\/diariodigitalnea.com\/index.php\/wp-json\/wp\/v2\/users\/3"}],"replies":[{"embeddable":true,"href":"https:\/\/diariodigitalnea.com\/index.php\/wp-json\/wp\/v2\/comments?post=10050"}],"version-history":[{"count":1,"href":"https:\/\/diariodigitalnea.com\/index.php\/wp-json\/wp\/v2\/posts\/10050\/revisions"}],"predecessor-version":[{"id":10053,"href":"https:\/\/diariodigitalnea.com\/index.php\/wp-json\/wp\/v2\/posts\/10050\/revisions\/10053"}],"wp:featuredmedia":[{"embeddable":true,"href":"https:\/\/diariodigitalnea.com\/index.php\/wp-json\/wp\/v2\/media\/10051"}],"wp:attachment":[{"href":"https:\/\/diariodigitalnea.com\/index.php\/wp-json\/wp\/v2\/media?parent=10050"}],"wp:term":[{"taxonomy":"category","embeddable":true,"href":"https:\/\/diariodigitalnea.com\/index.php\/wp-json\/wp\/v2\/categories?post=10050"},{"taxonomy":"post_tag","embeddable":true,"href":"https:\/\/diariodigitalnea.com\/index.php\/wp-json\/wp\/v2\/tags?post=10050"}],"curies":[{"name":"wp","href":"https:\/\/api.w.org\/{rel}","templated":true}]}}